{"id":176696,"date":"2021-01-25T15:02:03","date_gmt":"2021-01-25T18:02:03","guid":{"rendered":"https:\/\/diarioregionaldigital.com.br\/?p=176696"},"modified":"2021-01-25T15:02:03","modified_gmt":"2021-01-25T18:02:03","slug":"jogando-fora-de-casa-jf-volei-estreia-com-vitoria-diante-do-vila-nova-pela-superliga-b","status":"publish","type":"post","link":"https:\/\/diarioregionaldigital.com.br\/?p=176696","title":{"rendered":"Jogando fora de casa, JF V\u00f4lei estreia com vit\u00f3ria diante do Vila Nova pela Superliga B"},"content":{"rendered":"<p><span style=\"font-weight: 400;\">Ap\u00f3s perder o mando de campo, por conta da n\u00e3o libera\u00e7\u00e3o da Universidade Federal de Juiz de Fora (UFJF), para o uso do Gin\u00e1sio da FAEFID, o JF V\u00f4lei estreou no \u00faltimo s\u00e1bado (23), com vit\u00f3ria por 3 sets a 0 (parciais de 25\/16, 25\/18 e 25\/18), diante do Vila Nova em Goi\u00e2nia e come\u00e7ou a Superliga B com o p\u00e9 direito.<\/span><\/p>\n<p><span style=\"font-weight: 400;\">O time explicou em comunicado oficial divulgado na \u00faltima semana, que vai aguardar as evolu\u00e7\u00f5es do cen\u00e1rio do Coronav\u00edrus no munic\u00edpio. Al\u00e9m disso, as partidas do JF V\u00f4lei em casa, marcadas para os dias 6, 11 e 20 de fevereiro, ser\u00e3o realizadas em Belo Horizonte, como explicou o Diretor Maur\u00edcio Bara ao Di\u00e1rio Regional:<\/span><\/p>\n<p><span style=\"font-weight: 400;\">\u201cEstamos considerando algo como n\u00e3o definitivo para a temporada da Superliga B. Mas estamos estudando a situa\u00e7\u00e3o e provavelmente mandaremos os jogos para Belo Horizonte\u201d.\u00a0<\/span><\/p>\n<p><span style=\"font-weight: 400;\">Eleito como destaque no jogo, Leonam falou sobre a estreia com vit\u00f3ria do JF V\u00f4lei e tamb\u00e9m sobre receber o trof\u00e9u de melhor jogador em quadra: \u201cO sentimento \u00e9 de gratid\u00e3o por termos conseguido essa vit\u00f3ria por 3 sets a 0. Fiquei muito feliz pelo pr\u00eamio, mas \u00e9 um trabalho em conjunto no qual toda a equipe \u00e9 merecedora. Ainda tem muito o que evoluir e \u00e9 s\u00f3 o in\u00edcio da competi\u00e7\u00e3o&#8221; explica.<\/span><\/p>\n<p><span style=\"font-weight: 400;\">O Vila Nova volta \u00e0s quadras nesta ter\u00e7a-feira (26), diante do Niter\u00f3i \u00e0s 19h00. J\u00e1 o pr\u00f3ximo advers\u00e1rio do JF V\u00f4lei ser\u00e1 o Aeroclub, em Natal (RN). O jogo ser\u00e1 nesta quarta-feira (27), tamb\u00e9m \u00e0s 19h00.\u00a0<\/span><\/p>\n<p><b>Resultados da rodada<\/b><\/p>\n<p><span style=\"font-weight: 400;\">Bras\u00edlia V\u00f4lei\/Upis (DF) 3 x 1 SMEL Arauc\u00e1ria\/ASPMA\/Berneck (PR) (Parciais: 27\/29, 25\/20, 25\/21 e 25\/21);<\/span><\/p>\n<p><b>Vila Nova FC (GO) 0 x 3 JF V\u00f4lei (MG) <\/b><span style=\"font-weight: 400;\">(Parciais: 16\/25, 18\/25 e 18\/25);<\/span><\/p>\n","protected":false},"excerpt":{"rendered":"<p>Ap\u00f3s perder o mando de campo, por conta da n\u00e3o libera\u00e7\u00e3o da Universidade Federal de Juiz de Fora (UFJF), para o uso do Gin\u00e1sio da FAEFID, o JF V\u00f4lei estreou no \u00faltimo s\u00e1bado (23), com vit\u00f3ria por 3 sets a 0 (parciais de 25\/16, 25\/18 e 25\/18), diante do Vila Nova em Goi\u00e2nia e come\u00e7ou [&hellip;]<\/p>\n","protected":false},"author":96,"featured_media":176697,"comment_status":"closed","ping_status":"closed","sticky":false,"template":"","format":"standard","meta":{"footnotes":""},"categories":[436,257,439],"tags":[],"class_list":["post-176696","post","type-post","status-publish","format-standard","has-post-thumbnail","hentry","category-destaque-da-semana","category-esporte","category-ultima-hora"],"_links":{"self":[{"href":"https:\/\/diarioregionaldigital.com.br\/index.php?rest_route=\/wp\/v2\/posts\/176696","targetHints":{"allow":["GET"]}}],"collection":[{"href":"https:\/\/diarioregionaldigital.com.br\/index.php?rest_route=\/wp\/v2\/posts"}],"about":[{"href":"https:\/\/diarioregionaldigital.com.br\/index.php?rest_route=\/wp\/v2\/types\/post"}],"author":[{"embeddable":true,"href":"https:\/\/diarioregionaldigital.com.br\/index.php?rest_route=\/wp\/v2\/users\/96"}],"replies":[{"embeddable":true,"href":"https:\/\/diarioregionaldigital.com.br\/index.php?rest_route=%2Fwp%2Fv2%2Fcomments&post=176696"}],"version-history":[{"count":0,"href":"https:\/\/diarioregionaldigital.com.br\/index.php?rest_route=\/wp\/v2\/posts\/176696\/revisions"}],"wp:featuredmedia":[{"embeddable":true,"href":"https:\/\/diarioregionaldigital.com.br\/index.php?rest_route=\/wp\/v2\/media\/176697"}],"wp:attachment":[{"href":"https:\/\/diarioregionaldigital.com.br\/index.php?rest_route=%2Fwp%2Fv2%2Fmedia&parent=176696"}],"wp:term":[{"taxonomy":"category","embeddable":true,"href":"https:\/\/diarioregionaldigital.com.br\/index.php?rest_route=%2Fwp%2Fv2%2Fcategories&post=176696"},{"taxonomy":"post_tag","embeddable":true,"href":"https:\/\/diarioregionaldigital.com.br\/index.php?rest_route=%2Fwp%2Fv2%2Ftags&post=176696"}],"curies":[{"name":"wp","href":"https:\/\/api.w.org\/{rel}","templated":true}]}}