{"id":176693,"date":"2021-01-25T14:36:42","date_gmt":"2021-01-25T17:36:42","guid":{"rendered":"https:\/\/diarioregionaldigital.com.br\/?p=176693"},"modified":"2021-01-25T14:36:42","modified_gmt":"2021-01-25T17:36:42","slug":"em-final-argentina-defensa-y-justicia-conquista-titulo-inedito-da-copa-sul-americana-2020","status":"publish","type":"post","link":"https:\/\/diarioregionaldigital.com.br\/?p=176693","title":{"rendered":"Em final argentina, Defensa y Justicia conquista t\u00edtulo in\u00e9dito da Copa Sul-Americana 2020"},"content":{"rendered":"<p><span style=\"font-weight: 400;\">Em jogo hist\u00f3rico, com uma final in\u00e9dita entre dois times do mesmo pa\u00eds, da mesma prov\u00edncia e em solo argentino, Lan\u00fas e Defensa y Justicia decidiram no \u00faltimo s\u00e1bado (23), a Copa Sul-Americana 2020, realizada no Est\u00e1dio M\u00e1rio Alberto Kempes em C\u00f3rdoba, na Argentina. O Colorado vem do munic\u00edpio de Lan\u00fas e o Halc\u00f3n \u00e9 de Florencio Varela, ambos localizados aos arredores de Buenos Aires.<\/span><\/p>\n<p><span style=\"font-weight: 400;\">No duelo, quem levou a melhor foi o Defensa y Justicia, do ex-jogador e atual t\u00e9cnico, Hern\u00e1n Crespo, ao vencer por 3&#215;0. De quebra, conquistou o primeiro t\u00edtulo de express\u00e3o em seus 85 anos de hist\u00f3ria e tamb\u00e9m a primeira conquista de Crespo como treinador de futebol.<\/span><\/p>\n<p><span style=\"font-weight: 400;\">Diante do feito hist\u00f3rico, o Defensa est\u00e1 garantido na fase de grupos da Ta\u00e7a Libertadores 2021, se juntando aos seus compatriotas Boca Juniors, River Plate, Racing, Argentinos Juniors e V\u00e9lez Sarsfield, esses dois \u00faltimos est\u00e3o de volta ao principal torneio futebol\u00edstico das Am\u00e9ricas.<\/span><\/p>\n<p><span style=\"font-weight: 400;\">Na decis\u00e3o, ambos os times fizeram um jogo bastante equilibrado, por\u00e9m o Defensa teve atua\u00e7\u00e3o melhor e criou as melhores oportunidades de abrir o placar. O time saiu na frente aos 34 minutos, com Adonis Fr\u00edas, que aproveitou o bate e rebate dentro da \u00e1rea e tamb\u00e9m a falha no sistema defensivo do Lan\u00fas e estufou as redes.<\/span><\/p>\n<p><span style=\"font-weight: 400;\">Com a vantagem no placar, o Defensa ampliou sua vantagem na marca dos 17 minutos, com Braian Romero, artilheiro da competi\u00e7\u00e3o com 10 gols. O atacante aproveitou nova bobeada da zaga advers\u00e1ria e tocou por cobertura sobre o goleiro.<\/span><\/p>\n<p><span style=\"font-weight: 400;\">J\u00e1 nos acr\u00e9scimos, o Lan\u00fas errou na sa\u00edda de bola e o jogador do Defensa levou at\u00e9 a entrada da grande \u00e1rea e tocou para Washington Camacho, livre de marca\u00e7\u00e3o, s\u00f3 teve trabalho para empurrar para o fundo do gol e carimbar a conquista in\u00e9dita para o Halc\u00f3n.\u00a0<\/span><\/p>\n<p><b>Argentina se consolida como maior vencedora<\/b><\/p>\n<p><span style=\"font-weight: 400;\">Com o t\u00edtulo ganho pelo Defensa y Justicia, a Argentina se consolidou ainda mais como a maior ganhadora da Copa Sul-Americana, desde sua primeira edi\u00e7\u00e3o realizada em 2002. Ao todo s\u00e3o nove conquistas: San Lorenzo (2002), Boca Juniors (2004 e 2005), Arsenal Sarand\u00ed (2007), Independiente (2010 e 2017), Lan\u00fas (2013) e Defensa y Justicia (2020). <\/span><\/p>\n","protected":false},"excerpt":{"rendered":"<p>Em jogo hist\u00f3rico, com uma final in\u00e9dita entre dois times do mesmo pa\u00eds, da mesma prov\u00edncia e em solo argentino, Lan\u00fas e Defensa y Justicia decidiram no \u00faltimo s\u00e1bado (23), a Copa Sul-Americana 2020, realizada no Est\u00e1dio M\u00e1rio Alberto Kempes em C\u00f3rdoba, na Argentina. O Colorado vem do munic\u00edpio de Lan\u00fas e o Halc\u00f3n \u00e9 [&hellip;]<\/p>\n","protected":false},"author":96,"featured_media":176694,"comment_status":"closed","ping_status":"closed","sticky":false,"template":"","format":"standard","meta":{"footnotes":""},"categories":[436,257,439],"tags":[],"class_list":["post-176693","post","type-post","status-publish","format-standard","has-post-thumbnail","hentry","category-destaque-da-semana","category-esporte","category-ultima-hora"],"_links":{"self":[{"href":"https:\/\/diarioregionaldigital.com.br\/index.php?rest_route=\/wp\/v2\/posts\/176693","targetHints":{"allow":["GET"]}}],"collection":[{"href":"https:\/\/diarioregionaldigital.com.br\/index.php?rest_route=\/wp\/v2\/posts"}],"about":[{"href":"https:\/\/diarioregionaldigital.com.br\/index.php?rest_route=\/wp\/v2\/types\/post"}],"author":[{"embeddable":true,"href":"https:\/\/diarioregionaldigital.com.br\/index.php?rest_route=\/wp\/v2\/users\/96"}],"replies":[{"embeddable":true,"href":"https:\/\/diarioregionaldigital.com.br\/index.php?rest_route=%2Fwp%2Fv2%2Fcomments&post=176693"}],"version-history":[{"count":0,"href":"https:\/\/diarioregionaldigital.com.br\/index.php?rest_route=\/wp\/v2\/posts\/176693\/revisions"}],"wp:featuredmedia":[{"embeddable":true,"href":"https:\/\/diarioregionaldigital.com.br\/index.php?rest_route=\/wp\/v2\/media\/176694"}],"wp:attachment":[{"href":"https:\/\/diarioregionaldigital.com.br\/index.php?rest_route=%2Fwp%2Fv2%2Fmedia&parent=176693"}],"wp:term":[{"taxonomy":"category","embeddable":true,"href":"https:\/\/diarioregionaldigital.com.br\/index.php?rest_route=%2Fwp%2Fv2%2Fcategories&post=176693"},{"taxonomy":"post_tag","embeddable":true,"href":"https:\/\/diarioregionaldigital.com.br\/index.php?rest_route=%2Fwp%2Fv2%2Ftags&post=176693"}],"curies":[{"name":"wp","href":"https:\/\/api.w.org\/{rel}","templated":true}]}}