{"id":176535,"date":"2021-01-21T18:27:32","date_gmt":"2021-01-21T21:27:32","guid":{"rendered":"https:\/\/diarioregionaldigital.com.br\/?p=176535"},"modified":"2021-01-21T18:27:32","modified_gmt":"2021-01-21T21:27:32","slug":"policia-civil-apresenta-balanco-das-operacoes-realizadas-em-juiz-de-fora-e-regiao-do-ano-de-2020","status":"publish","type":"post","link":"https:\/\/diarioregionaldigital.com.br\/?p=176535","title":{"rendered":"Pol\u00edcia Civil apresenta balan\u00e7o das opera\u00e7\u00f5es realizadas em Juiz de Fora e regi\u00e3o do ano de 2020"},"content":{"rendered":"<p><span style=\"font-weight: 400;\">A Pol\u00edcia Civil (PCMG), divulgou nesta quinta-feira (21), o balan\u00e7o referente aos trabalhos feitos em Juiz de Fora e regi\u00e3o, durante o ano de 2020. Ao todo, foram 358 pessoas presas ou apreendidas, 52.670 ocorr\u00eancias policiais, 144 mil atendimentos realizados na Circunscri\u00e7\u00e3o Regional de Tr\u00e2nsito (Ciretran), 48.703 atendimentos efetuados nos Postos de Identifica\u00e7\u00e3o e outras opera\u00e7\u00f5es deflagradas.\u00a0<\/span><\/p>\n<p><span style=\"font-weight: 400;\">Todas as atividades abrangem a 1\u00aa Delegacia Regional de Juiz de Fora (1\u00aa DRPC), pertencente ao 4\u00ba Departamento, no qual atua em 26 munic\u00edpios da Zona da Mata mineira e responde administrativamente por 18 delegacias, 11 delas funcionam em Juiz de Fora. As demais est\u00e3o em S\u00e3o Jo\u00e3o Nepomuceno, Bicas, Rio Novo, Matias Barbosa, Rio Preto, Lima Duarte e Mar de Espanha. A 1\u00aa DRPC tamb\u00e9m possui o N\u00facleo de Atendimento \u00e0s Ocorr\u00eancias de Maus-Tratos a Animais e o N\u00facleo de Atendimento ao Idoso.\u00a0<\/span><\/p>\n<p><span style=\"font-weight: 400;\">Segundo o Delegado Regional, Armando Av\u00f3lio Neto, mesmo diante da pandemia do Covid-19, a PCMG atuou na execu\u00e7\u00e3o de seus trabalhos e seguindo todos os protocolos de preven\u00e7\u00e3o \u00e0 doen\u00e7a:<\/span><\/p>\n<p><span style=\"font-weight: 400;\">\u201cAno passado, foram produzidas 24.172 carteiras de identidade, permitindo o exerc\u00edcio da cidadania para a popula\u00e7\u00e3o local e regional. A PC tamb\u00e9m realizou 3.710 exames de legisla\u00e7\u00e3o e 16.645 exames de dire\u00e7\u00e3o, 70.498 Certificados de Registro de Ve\u00edculos (CRVs) e 13.058 Certificados de Registro e Licenciamento de Ve\u00edculos (CRLVs). Al\u00e9m disso, 50.000 ve\u00edculos foram vistoriados em 2020\u201d, destacou.<\/span><\/p>\n<p><span style=\"font-weight: 400;\">A autoridade policial refor\u00e7a tamb\u00e9m que foram elaboradas 1.300 respostas a of\u00edcios e determina\u00e7\u00f5es judiciais na Ciretran. A unidade realizou, ainda, aproximadamente 8.000 libera\u00e7\u00f5es de ve\u00edculos, assim como dois leil\u00f5es, 15 renova\u00e7\u00f5es de f\u00e1bricas de placas, 12 credenciamentos de estampadoras de placas do padr\u00e3o Mercosul.\u00a0<\/span><\/p>\n<p><span style=\"font-weight: 400;\">Foram feitos tamb\u00e9m 9.600 atendimentos,\u00a0 na Se\u00e7\u00e3o de Instaura\u00e7\u00e3o e Instru\u00e7\u00e3o de Processo Administrativo de Tr\u00e2nsito, al\u00e9m de 8.000 apreens\u00f5es e restitui\u00e7\u00f5es de Carteira Nacional de Habilita\u00e7\u00e3o (CNH), instaurados 600 procedimentos e relatados 350.\u00a0<\/span><\/p>\n<p><b>Procedimentos realizados<\/b><\/p>\n<p><span style=\"font-weight: 400;\">Ainda dentro da \u00e1rea de atua\u00e7\u00e3o da Delegacia Regional de Pol\u00edcia Civil em Juiz de Fora, foram instaurados 2.578 inqu\u00e9ritos policiais e 4.031 relatados no \u00faltimo ano. Foram lavrados 2.083 Autos de Pris\u00e3o em Flagrante Delito e 2.083 Autos de Pris\u00e3o. O Delegado frisa que \u201cTamb\u00e9m foram lavradas e remetidas \u00e0 Justi\u00e7a 1.771 medidas protetivas\u201d, informou a autoridade policial, enfatizando o empenho dos policiais civis na execu\u00e7\u00e3o das atividades.<\/span><\/p>\n<p><b>Investiga\u00e7\u00f5es e diminui\u00e7\u00e3o de crimes violentos<\/b><\/p>\n<p><span style=\"font-weight: 400;\">Para a Armando Av\u00f3lio Neto, as solu\u00e7\u00f5es dos casos s\u00e3o resultados de investiga\u00e7\u00f5es qualificadas em Juiz de Fora e regi\u00e3o, bem como na desarticula\u00e7\u00e3o de organiza\u00e7\u00f5es criminosas e no combate aos crimes violentos, contribuindo com a redu\u00e7\u00e3o da criminalidade:<\/span><\/p>\n<p><span style=\"font-weight: 400;\">\u201cEm se tratando de extors\u00e3o \u2013 crime tentado e consumado -, houve uma diminui\u00e7\u00e3o de 42,31%, em compara\u00e7\u00e3o com o \u00faltimo ano. Considerando os homic\u00eddios tentados e consumados ocorridos em 2020, tamb\u00e9m houve uma queda de 25 casos, em n\u00fameros absolutos, em rela\u00e7\u00e3o ao ano anterior\u201d destaca.<\/span><\/p>\n<p><span style=\"font-weight: 400;\">A autoridade policial relembra que houve uma queda de 22,91% de ocorr\u00eancias de roubos e de 28,57% de casos de sequestro e de c\u00e1rcere privado pelo munic\u00edpio.<\/span><\/p>\n<p><b>Combate ao tr\u00e1fico de drogas<\/b><\/p>\n<p><span style=\"font-weight: 400;\">Outra quest\u00e3o levantada pelo Delegado \u00e9 o combate ao tr\u00e1fico de drogas. Ele detalha que em 2020, a Pol\u00edcia Civil apreendeu cerca de 180 quilos de drogas em Juiz de Fora,\u00a0 no m\u00eas de maio. Em junho foram encontrados 200 tabletes de maconha durante uma investiga\u00e7\u00e3o. Em novembro, atrav\u00e9s de uma opera\u00e7\u00e3o em conjunta com a Pol\u00edcia Rodovi\u00e1ria Federal (PRF), foram apreendidas pasta base de maconha e coca\u00edna, avaliadas em R$ 3 mih\u00f5es e os mesmos materiais eram transportados em um ve\u00edculo.<\/span><\/p>\n<p><span style=\"font-weight: 400;\">E no m\u00eas de dezembro, a Pol\u00edcia Civil incinerou um total de duas toneladas de entorpecentes,\u00a0 em uma empresa situada na Zona Norte da cidade. O mesmo trabalho foi feito em junho daquele ano, durante a Semana Nacional de Combate \u00e0s Drogas. Naquela ocasi\u00e3o os policiais queimaram mais de 748 Kg de drogas. O material foi apreendido em a\u00e7\u00f5es da PCMG e de outras institui\u00e7\u00f5es de seguran\u00e7a p\u00fablica, realizadas na \u00e1rea que compreende a 1\u00aa Delegacia Regional.<\/span><\/p>\n","protected":false},"excerpt":{"rendered":"<p>A Pol\u00edcia Civil (PCMG), divulgou nesta quinta-feira (21), o balan\u00e7o referente aos trabalhos feitos em Juiz de Fora e regi\u00e3o, durante o ano de 2020. Ao todo, foram 358 pessoas presas ou apreendidas, 52.670 ocorr\u00eancias policiais, 144 mil atendimentos realizados na Circunscri\u00e7\u00e3o Regional de Tr\u00e2nsito (Ciretran), 48.703 atendimentos efetuados nos Postos de Identifica\u00e7\u00e3o e outras [&hellip;]<\/p>\n","protected":false},"author":96,"featured_media":176536,"comment_status":"closed","ping_status":"closed","sticky":false,"template":"","format":"standard","meta":{"footnotes":""},"categories":[301,436,440,439],"tags":[],"class_list":["post-176535","post","type-post","status-publish","format-standard","has-post-thumbnail","hentry","category-artigos-policiais","category-destaque-da-semana","category-destaques-do-dia","category-ultima-hora"],"_links":{"self":[{"href":"https:\/\/diarioregionaldigital.com.br\/index.php?rest_route=\/wp\/v2\/posts\/176535","targetHints":{"allow":["GET"]}}],"collection":[{"href":"https:\/\/diarioregionaldigital.com.br\/index.php?rest_route=\/wp\/v2\/posts"}],"about":[{"href":"https:\/\/diarioregionaldigital.com.br\/index.php?rest_route=\/wp\/v2\/types\/post"}],"author":[{"embeddable":true,"href":"https:\/\/diarioregionaldigital.com.br\/index.php?rest_route=\/wp\/v2\/users\/96"}],"replies":[{"embeddable":true,"href":"https:\/\/diarioregionaldigital.com.br\/index.php?rest_route=%2Fwp%2Fv2%2Fcomments&post=176535"}],"version-history":[{"count":0,"href":"https:\/\/diarioregionaldigital.com.br\/index.php?rest_route=\/wp\/v2\/posts\/176535\/revisions"}],"wp:featuredmedia":[{"embeddable":true,"href":"https:\/\/diarioregionaldigital.com.br\/index.php?rest_route=\/wp\/v2\/media\/176536"}],"wp:attachment":[{"href":"https:\/\/diarioregionaldigital.com.br\/index.php?rest_route=%2Fwp%2Fv2%2Fmedia&parent=176535"}],"wp:term":[{"taxonomy":"category","embeddable":true,"href":"https:\/\/diarioregionaldigital.com.br\/index.php?rest_route=%2Fwp%2Fv2%2Fcategories&post=176535"},{"taxonomy":"post_tag","embeddable":true,"href":"https:\/\/diarioregionaldigital.com.br\/index.php?rest_route=%2Fwp%2Fv2%2Ftags&post=176535"}],"curies":[{"name":"wp","href":"https:\/\/api.w.org\/{rel}","templated":true}]}}