{"id":176532,"date":"2021-01-21T17:39:09","date_gmt":"2021-01-21T20:39:09","guid":{"rendered":"https:\/\/diarioregionaldigital.com.br\/?p=176532"},"modified":"2021-01-21T17:39:09","modified_gmt":"2021-01-21T20:39:09","slug":"museu-mariano-procopio-inicia-restauro-de-pecas-dos-seculos-18-e-19","status":"publish","type":"post","link":"https:\/\/diarioregionaldigital.com.br\/?p=176532","title":{"rendered":"Museu Mariano Proc\u00f3pio inicia restauro de pe\u00e7as dos s\u00e9culos 18 e 19"},"content":{"rendered":"<p>O Museu Mariano Proc\u00f3pio, gerenciado pela Prefeitura de Juiz de Fora (PJF) iniciou, nesta semana, o restauro de um conjunto de 17 pe\u00e7as de seu acervo de arte sacra. Os trabalhos come\u00e7aram com um orat\u00f3rio azul, em madeira com douramentos e se estender\u00e3o para outros nove orat\u00f3rios e sete lanternas de prociss\u00e3o.<\/p>\n<p>O investimento m\u00e9dio \u00e9 de R$ 104 mil, custeado pelo Minist\u00e9rio do Turismo, por emenda parlamentar, e com interm\u00e9dio do Instituto Brasileiro de Museus (Ibram). Executadas por t\u00e9cnicos de uma empresa de S\u00e3o Jo\u00e3o del-Rei (MG), que venceu a licita\u00e7\u00e3o realizada em 2020, as interven\u00e7\u00f5es devem ser conclu\u00eddas no prazo de seis meses.<\/p>\n<p>O diretor do museu, Ant\u00f4nio Carlos Duarte, explica que as pe\u00e7as datam dos s\u00e9culos 18 e 19, e que o restauro acontece em um ateli\u00ea montado no pr\u00e9dio administrativo da institui\u00e7\u00e3o (Rua Dom Pedro II, 350, Bairro Mariano Proc\u00f3pio), com acompanhamento de t\u00e9cnicos do museu.<\/p>\n<p>Conforme o diretor, as pe\u00e7as passar\u00e3o por diferentes etapas, como limpeza geral, remo\u00e7\u00e3o de camadas de repintura, fixa\u00e7\u00e3o de pintura em descolamento, conten\u00e7\u00e3o de rachaduras, aplica\u00e7\u00e3o de verniz protetor, al\u00e9m de relat\u00f3rio t\u00e9cnico e documenta\u00e7\u00e3o fotogr\u00e1fica, entre outras.<\/p>\n<p>Sobre o primeiro orat\u00f3rio a passar pelo restauro, Duarte observa que se trata de um trabalho t\u00edpico dos s\u00e9culos 18 e 19, per\u00edodo fortemente marcado pela religiosidade. \u201cNo per\u00edodo, era muito comum a produ\u00e7\u00e3o de orat\u00f3rios grandiosos para sacristias de igrejas e tamb\u00e9m para resid\u00eancias. Dentro das casas senhoriais, eles funcionavam como pequenas capelas, pontos de ora\u00e7\u00e3o ou celebra\u00e7\u00e3o que reuniam as fam\u00edlias.\u201d<\/p>\n<p>Primeiro museu de Minas Gerais, o Mariano Proc\u00f3pio tem um acervo com cerca de 55 mil pe\u00e7as. A marca da cole\u00e7\u00e3o, doada \u00e0 municipalidade por Alfredo Ferreira Lage, \u00e9 o ecletismo. \u201cTemos pe\u00e7as dos mais diversos segmentos: numism\u00e1tica, mobili\u00e1rio, tecidos, prataria, armas, pinturas, livros raros, fotografias e antiguidades, entre muitas outras. Devido \u00e0 import\u00e2ncia e \u00e0 grandiosidade, o desafio de manter essa cole\u00e7\u00e3o \u00e9 enorme, com custo bastante elevado.\u201d<\/p>\n<p>O diretor destaca que, apesar das dificuldades de capta\u00e7\u00e3o de recursos, o espa\u00e7o vem mantendo uma atua\u00e7\u00e3o continuada no sentido de preservar o acervo. \u201cAqui caminhamos por etapas. Vamos buscando conv\u00eanios, parcerias, para garantir a permanente manuten\u00e7\u00e3o dos pr\u00e9dios e da cole\u00e7\u00e3o, tombados pelo Instituto do Patrim\u00f4nio Hist\u00f3rico e Art\u00edstico Nacional (Iphan). Tamb\u00e9m investimos na educa\u00e7\u00e3o patrimonial, desenvolvendo um trabalho pedag\u00f3gico, buscando permitir que as pessoas conhe\u00e7am e valorizem essa cole\u00e7\u00e3o t\u00e3o valiosa.\u201d<\/p>\n<p><strong>Fonte:\u00a0<\/strong>Assessoria<\/p>\n","protected":false},"excerpt":{"rendered":"<p>O Museu Mariano Proc\u00f3pio, gerenciado pela Prefeitura de Juiz de Fora (PJF) iniciou, nesta semana, o restauro de um conjunto de 17 pe\u00e7as de seu acervo de arte sacra. Os trabalhos come\u00e7aram com um orat\u00f3rio azul, em madeira com douramentos e se estender\u00e3o para outros nove orat\u00f3rios e sete lanternas de prociss\u00e3o. O investimento m\u00e9dio [&hellip;]<\/p>\n","protected":false},"author":96,"featured_media":176533,"comment_status":"closed","ping_status":"closed","sticky":false,"template":"","format":"standard","meta":{"footnotes":""},"categories":[256,436,439],"tags":[],"class_list":["post-176532","post","type-post","status-publish","format-standard","has-post-thumbnail","hentry","category-cultura","category-destaque-da-semana","category-ultima-hora"],"_links":{"self":[{"href":"https:\/\/diarioregionaldigital.com.br\/index.php?rest_route=\/wp\/v2\/posts\/176532","targetHints":{"allow":["GET"]}}],"collection":[{"href":"https:\/\/diarioregionaldigital.com.br\/index.php?rest_route=\/wp\/v2\/posts"}],"about":[{"href":"https:\/\/diarioregionaldigital.com.br\/index.php?rest_route=\/wp\/v2\/types\/post"}],"author":[{"embeddable":true,"href":"https:\/\/diarioregionaldigital.com.br\/index.php?rest_route=\/wp\/v2\/users\/96"}],"replies":[{"embeddable":true,"href":"https:\/\/diarioregionaldigital.com.br\/index.php?rest_route=%2Fwp%2Fv2%2Fcomments&post=176532"}],"version-history":[{"count":0,"href":"https:\/\/diarioregionaldigital.com.br\/index.php?rest_route=\/wp\/v2\/posts\/176532\/revisions"}],"wp:featuredmedia":[{"embeddable":true,"href":"https:\/\/diarioregionaldigital.com.br\/index.php?rest_route=\/wp\/v2\/media\/176533"}],"wp:attachment":[{"href":"https:\/\/diarioregionaldigital.com.br\/index.php?rest_route=%2Fwp%2Fv2%2Fmedia&parent=176532"}],"wp:term":[{"taxonomy":"category","embeddable":true,"href":"https:\/\/diarioregionaldigital.com.br\/index.php?rest_route=%2Fwp%2Fv2%2Fcategories&post=176532"},{"taxonomy":"post_tag","embeddable":true,"href":"https:\/\/diarioregionaldigital.com.br\/index.php?rest_route=%2Fwp%2Fv2%2Ftags&post=176532"}],"curies":[{"name":"wp","href":"https:\/\/api.w.org\/{rel}","templated":true}]}}