{"id":176520,"date":"2021-01-21T17:35:33","date_gmt":"2021-01-21T20:35:33","guid":{"rendered":"https:\/\/diarioregionaldigital.com.br\/?p=176520"},"modified":"2021-01-21T17:35:33","modified_gmt":"2021-01-21T20:35:33","slug":"consu-realiza-reuniao-para-discutir-situacao-orcamentaria-da-ufjf","status":"publish","type":"post","link":"https:\/\/diarioregionaldigital.com.br\/?p=176520","title":{"rendered":"Consu realiza reuni\u00e3o para discutir situa\u00e7\u00e3o or\u00e7ament\u00e1ria da UFJF"},"content":{"rendered":"<p><span style=\"font-weight: 400;\">Em reuni\u00e3o extraordin\u00e1ria realizada na quarta-feira (20), o Conselho Universit\u00e1rio (Consu), discutiu sobre a situa\u00e7\u00e3o or\u00e7ament\u00e1ria da Universidade Federal de Juiz de Fora (UFJF). No encontro, foi abordado que o or\u00e7amento da institui\u00e7\u00e3o teve corte de 18% em seus recursos para a\u00e7\u00f5es de manuten\u00e7\u00e3o e funcionamento. A situa\u00e7\u00e3o se agravou por conta da perda de receitas, ocasionada pela pandemia do Coronav\u00edrus.<\/span><\/p>\n<p><span style=\"font-weight: 400;\">Participaram da reuni\u00e3o os Diretores de unidades acad\u00eamicas e administrativas, entidades representativas e outros conselheiros, os quais receberam informa\u00e7\u00f5es referentes \u00e0 execu\u00e7\u00e3o or\u00e7ament\u00e1ria de 2020. Al\u00e9m disso, a Pr\u00f3-Reitoria de Planejamento (Proplan), apresentou estudos e cen\u00e1rios poss\u00edveis, levando em conta a tramita\u00e7\u00e3o do Or\u00e7amento de 2021 no Congresso Nacional. Todos os cen\u00e1rios estimam d\u00e9ficit para este ano.<\/span><\/p>\n<p><span style=\"font-weight: 400;\">Foi abordada tamb\u00e9m a situa\u00e7\u00e3o dos trabalhadores terceirizados, tendo como base\u00a0 as restri\u00e7\u00f5es or\u00e7ament\u00e1rias, a suspens\u00e3o das atividades presenciais e o novo contrato com empresa prestadora de servi\u00e7os licitada. Diante disso, os Diretores e gestores ir\u00e3o elaborar estudos em suas respectivas unidades, visando o planejamento da efetiva demanda por servidores terceirizados, em regime de Ensino Remoto Emergencial (ERE) e com o retorno das atividades presenciais, a partir do momento em que as condi\u00e7\u00f5es epidemiol\u00f3gicas e sanit\u00e1rias permitirem.\u00a0<\/span><\/p>\n<p><span style=\"font-weight: 400;\">Inclusive, a Comiss\u00e3o de Acompanhamento Or\u00e7ament\u00e1rio da UFJF, presidida pela Proplan, ir\u00e1 fazer uma an\u00e1lise do cen\u00e1rio financeiro, no qual passar\u00e1 por delibera\u00e7\u00e3o do Consu a partir do m\u00eas de mar\u00e7o.<\/span><\/p>\n<p><span style=\"font-weight: 400;\">Muitos conselheiros presentes na reuni\u00e3o, manifestaram suas preocupa\u00e7\u00f5es perante ao atual momento financeiro de restri\u00e7\u00f5es e destacam a import\u00e2ncia de defender a oferta do ensino superior p\u00fablico, gratuito e de qualidade, oferecido pela institui\u00e7\u00e3o. Os representantes de entidades sindicais refor\u00e7am a luta contra a precariza\u00e7\u00e3o e pelas condi\u00e7\u00f5es de trabalho de servidores, professores e trabalhadores terceirizados.<\/span><\/p>\n<p><span style=\"font-weight: 400;\">Dentre as entidades presentes na reuni\u00e3o, a Pr\u00f3-Reitoria de Apoio Estudantil (Proae) definiu como grave a situa\u00e7\u00e3o atual e relembra que o cen\u00e1rio \u00e9 vivido h\u00e1 muito tempo por diferentes institui\u00e7\u00f5es de ensino, tendo sido postergado na UFJF pelo trabalho da equipe de planejamento e gest\u00e3o.<\/span><\/p>\n","protected":false},"excerpt":{"rendered":"<p>Em reuni\u00e3o extraordin\u00e1ria realizada na quarta-feira (20), o Conselho Universit\u00e1rio (Consu), discutiu sobre a situa\u00e7\u00e3o or\u00e7ament\u00e1ria da Universidade Federal de Juiz de Fora (UFJF). No encontro, foi abordado que o or\u00e7amento da institui\u00e7\u00e3o teve corte de 18% em seus recursos para a\u00e7\u00f5es de manuten\u00e7\u00e3o e funcionamento. A situa\u00e7\u00e3o se agravou por conta da perda de [&hellip;]<\/p>\n","protected":false},"author":96,"featured_media":176530,"comment_status":"closed","ping_status":"closed","sticky":false,"template":"","format":"standard","meta":{"footnotes":""},"categories":[253,436,439],"tags":[],"class_list":["post-176520","post","type-post","status-publish","format-standard","has-post-thumbnail","hentry","category-cidade","category-destaque-da-semana","category-ultima-hora"],"_links":{"self":[{"href":"https:\/\/diarioregionaldigital.com.br\/index.php?rest_route=\/wp\/v2\/posts\/176520","targetHints":{"allow":["GET"]}}],"collection":[{"href":"https:\/\/diarioregionaldigital.com.br\/index.php?rest_route=\/wp\/v2\/posts"}],"about":[{"href":"https:\/\/diarioregionaldigital.com.br\/index.php?rest_route=\/wp\/v2\/types\/post"}],"author":[{"embeddable":true,"href":"https:\/\/diarioregionaldigital.com.br\/index.php?rest_route=\/wp\/v2\/users\/96"}],"replies":[{"embeddable":true,"href":"https:\/\/diarioregionaldigital.com.br\/index.php?rest_route=%2Fwp%2Fv2%2Fcomments&post=176520"}],"version-history":[{"count":0,"href":"https:\/\/diarioregionaldigital.com.br\/index.php?rest_route=\/wp\/v2\/posts\/176520\/revisions"}],"wp:featuredmedia":[{"embeddable":true,"href":"https:\/\/diarioregionaldigital.com.br\/index.php?rest_route=\/wp\/v2\/media\/176530"}],"wp:attachment":[{"href":"https:\/\/diarioregionaldigital.com.br\/index.php?rest_route=%2Fwp%2Fv2%2Fmedia&parent=176520"}],"wp:term":[{"taxonomy":"category","embeddable":true,"href":"https:\/\/diarioregionaldigital.com.br\/index.php?rest_route=%2Fwp%2Fv2%2Fcategories&post=176520"},{"taxonomy":"post_tag","embeddable":true,"href":"https:\/\/diarioregionaldigital.com.br\/index.php?rest_route=%2Fwp%2Fv2%2Ftags&post=176520"}],"curies":[{"name":"wp","href":"https:\/\/api.w.org\/{rel}","templated":true}]}}