{"id":176517,"date":"2021-01-21T16:08:55","date_gmt":"2021-01-21T19:08:55","guid":{"rendered":"https:\/\/diarioregionaldigital.com.br\/?p=176517"},"modified":"2021-01-21T16:08:55","modified_gmt":"2021-01-21T19:08:55","slug":"settra-elabora-esquema-com-onibus-extras-para-o-ultimo-dia-da-prova-do-enem","status":"publish","type":"post","link":"https:\/\/diarioregionaldigital.com.br\/?p=176517","title":{"rendered":"Settra elabora esquema com \u00f4nibus extras para o \u00faltimo dia da prova do Enem"},"content":{"rendered":"<p><span style=\"font-weight: 400;\">A Secretaria de Transportes e Tr\u00e2nsito (Settra), ir\u00e1 preparar um esquema especial de \u00f4nibus coletivo, para atender aos candidatos que ir\u00e3o fazer o Exame Nacional do Ensino M\u00e9dio (Enem), neste domingo (24). A Settra elaborou hor\u00e1rios extras para as linhas: Av. Deusdedith Salgado (508); Nossa Senhora das Gra\u00e7as\/Santa Luzia (121); Bairu\/Cruzeiro do Sul (215); Bom Pastor\/Santa Catarina (222) e UFJF (545 e 555). Confira abaixo os hor\u00e1rios especiais elaborados para o Enem:<\/span><\/p>\n<p><b>508: Avenida Deusdedith Salgado<\/b><\/p>\n<p><span style=\"font-weight: 400;\">Manh\u00e3:<\/span><\/p>\n<ul>\n<li><span style=\"font-weight: 400;\"> Sa\u00eddas do Centro: 10h, 10h40, 11h40 e 12h10.<\/span><\/li>\n<li><span style=\"font-weight: 400;\"> Sa\u00eddas da Faculdade Suprema: 10h50, 11h30.<\/span><\/li>\n<\/ul>\n<p><span style=\"font-weight: 400;\">Tarde:<\/span><\/p>\n<ul>\n<li><span style=\"font-weight: 400;\"> Sa\u00eddas da Faculdade Suprema: 16h, 17h, 17h30, 18h40.<\/span><\/li>\n<li><span style=\"font-weight: 400;\"> Sa\u00eddas do Centro: 16h40, 17h40.<\/span><\/li>\n<\/ul>\n<p>&nbsp;<\/p>\n<p><b>121 \u2013 Nossa Senhora das Gra\u00e7as\/Santa Luzia<\/b><\/p>\n<p><span style=\"font-weight: 400;\">Manh\u00e3:<\/span><\/p>\n<ul>\n<li><span style=\"font-weight: 400;\"> Sa\u00eddas do Nossa Senhora das Gra\u00e7as: 11h10.<\/span><\/li>\n<li><span style=\"font-weight: 400;\"> Sa\u00edda de Santa Luzia: 12h.<\/span><\/li>\n<\/ul>\n<p>&nbsp;<\/p>\n<p><b>215 \u2013 Bairu\/Cruzeiro do Sul<\/b><\/p>\n<p><span style=\"font-weight: 400;\">Manh\u00e3:<\/span><\/p>\n<ul>\n<li><span style=\"font-weight: 400;\"> Sa\u00eddas do Bairu: 11h45h, 11h55, 12h05, 12h20.<\/span><\/li>\n<\/ul>\n<p><span style=\"font-weight: 400;\">Tarde:<\/span><\/p>\n<ul>\n<li><span style=\"font-weight: 400;\"> Sa\u00eddas do Cruzeiro do Sul: 16h25, 16h40, 17h25, 17h40, 18h25 e 19h20.<\/span><\/li>\n<li><span style=\"font-weight: 400;\"> Sa\u00eddas do Bairu: 16h55, 17h10, 17h55, 18h55.<\/span><\/li>\n<\/ul>\n<p>&nbsp;<\/p>\n<p><b>222 \u2013 Bom Pastor\/Santa Catarina<\/b><\/p>\n<p><span style=\"font-weight: 400;\">Manh\u00e3:<\/span><\/p>\n<ul>\n<li><span style=\"font-weight: 400;\"> Sa\u00eddas do Bom Pastor: 11h15, 12h, 12h25.<\/span><\/li>\n<li><span style=\"font-weight: 400;\"> Sa\u00edda do Santa Catarina: 11h50.<\/span><\/li>\n<\/ul>\n<p><span style=\"font-weight: 400;\">Tarde:<\/span><\/p>\n<ul>\n<li><span style=\"font-weight: 400;\"> Sa\u00eddas do Santa Catarina: 18h35.<\/span><\/li>\n<\/ul>\n<p>&nbsp;<\/p>\n<p><b>545 \u2013 UFJF<\/b><\/p>\n<ul>\n<li><span style=\"font-weight: 400;\"> Sa\u00edda do Centro: um carro a partir das 10h e quatro carros a partir das 10h30 (partidas da Av. Presidente Itamar Franco, oposto ao Mercado Municipal).<\/span><\/li>\n<li><span style=\"font-weight: 400;\"> Sa\u00edda da UFJF: tr\u00eas carros a partir das 15h30.<\/span><\/li>\n<\/ul>\n<p>&nbsp;<\/p>\n<p><b>555 \u2013 UFJF<\/b><\/p>\n<ul>\n<li><span style=\"font-weight: 400;\"> Sa\u00edda do Centro: um carro a partir das 10h e dois carros a partir das 10h30 (partidas da Rua Benjamin Constant, em frente ao Hiper Bretas).<\/span><\/li>\n<li><span style=\"font-weight: 400;\"> Sa\u00edda da UFJF: dois carros a partir das 15h30.<\/span><\/li>\n<\/ul>\n","protected":false},"excerpt":{"rendered":"<p>A Secretaria de Transportes e Tr\u00e2nsito (Settra), ir\u00e1 preparar um esquema especial de \u00f4nibus coletivo, para atender aos candidatos que ir\u00e3o fazer o Exame Nacional do Ensino M\u00e9dio (Enem), neste domingo (24). A Settra elaborou hor\u00e1rios extras para as linhas: Av. Deusdedith Salgado (508); Nossa Senhora das Gra\u00e7as\/Santa Luzia (121); Bairu\/Cruzeiro do Sul (215); Bom [&hellip;]<\/p>\n","protected":false},"author":96,"featured_media":176518,"comment_status":"closed","ping_status":"closed","sticky":false,"template":"","format":"standard","meta":{"footnotes":""},"categories":[253,436,439],"tags":[],"class_list":["post-176517","post","type-post","status-publish","format-standard","has-post-thumbnail","hentry","category-cidade","category-destaque-da-semana","category-ultima-hora"],"_links":{"self":[{"href":"https:\/\/diarioregionaldigital.com.br\/index.php?rest_route=\/wp\/v2\/posts\/176517","targetHints":{"allow":["GET"]}}],"collection":[{"href":"https:\/\/diarioregionaldigital.com.br\/index.php?rest_route=\/wp\/v2\/posts"}],"about":[{"href":"https:\/\/diarioregionaldigital.com.br\/index.php?rest_route=\/wp\/v2\/types\/post"}],"author":[{"embeddable":true,"href":"https:\/\/diarioregionaldigital.com.br\/index.php?rest_route=\/wp\/v2\/users\/96"}],"replies":[{"embeddable":true,"href":"https:\/\/diarioregionaldigital.com.br\/index.php?rest_route=%2Fwp%2Fv2%2Fcomments&post=176517"}],"version-history":[{"count":0,"href":"https:\/\/diarioregionaldigital.com.br\/index.php?rest_route=\/wp\/v2\/posts\/176517\/revisions"}],"wp:featuredmedia":[{"embeddable":true,"href":"https:\/\/diarioregionaldigital.com.br\/index.php?rest_route=\/wp\/v2\/media\/176518"}],"wp:attachment":[{"href":"https:\/\/diarioregionaldigital.com.br\/index.php?rest_route=%2Fwp%2Fv2%2Fmedia&parent=176517"}],"wp:term":[{"taxonomy":"category","embeddable":true,"href":"https:\/\/diarioregionaldigital.com.br\/index.php?rest_route=%2Fwp%2Fv2%2Fcategories&post=176517"},{"taxonomy":"post_tag","embeddable":true,"href":"https:\/\/diarioregionaldigital.com.br\/index.php?rest_route=%2Fwp%2Fv2%2Ftags&post=176517"}],"curies":[{"name":"wp","href":"https:\/\/api.w.org\/{rel}","templated":true}]}}