{"id":176514,"date":"2021-01-21T15:52:19","date_gmt":"2021-01-21T18:52:19","guid":{"rendered":"https:\/\/diarioregionaldigital.com.br\/?p=176514"},"modified":"2021-01-21T15:52:19","modified_gmt":"2021-01-21T18:52:19","slug":"prefeitura-e-sociedade-se-unem-no-combate-a-fome-por-meio-da-mesa-de-cidadania","status":"publish","type":"post","link":"https:\/\/diarioregionaldigital.com.br\/?p=176514","title":{"rendered":"Prefeitura e sociedade se unem no combate \u00e0 fome por meio da Mesa de Cidadania"},"content":{"rendered":"<p>Criada pela prefeita Margarida Salom\u00e3o, a Mesa de Cidadania vai se reunir virtualmente, via plataforma Zoom, nesta sexta-feira, dia 22, \u00e0s 17h. Trata-se de um espa\u00e7o para institui\u00e7\u00f5es assistenciais, \u00f3rg\u00e3os p\u00fablicos, setores empresariais e do com\u00e9rcio participarem em conjunto e de maneira mais otimizada, de forma a suprir demandas emergenciais no combate \u00e0 fome.<\/p>\n<p>De acordo com levantamento da Secretaria de Assist\u00eancia Social junto ao Cadastro \u00danico (Cad\u00danico), Juiz de Fora possui atualmente 13.965 fam\u00edlias vivendo em situa\u00e7\u00e3o de pobreza extrema, ou seja, vivendo com uma renda mensal menor que R$ 89. \u201cA pandemia veio a exacerbar essa situa\u00e7\u00e3o e levou milhares de pessoas \u00e0 situa\u00e7\u00e3o de extrema pobreza\u201d, salienta o secret\u00e1rio de Direitos Humanos, Biel Rocha, que coordena a Mesa da Cidadania. Entre janeiro de 2020 e novembro de 2020, foram 1.124 fam\u00edlias que passaram a viver nessa situa\u00e7\u00e3o, um aumento de 8,7%.<\/p>\n<p>A prefeitura j\u00e1 trabalha em parceria com institui\u00e7\u00f5es beneficentes, seja na distribui\u00e7\u00e3o de cestas b\u00e1sicas ou de outras formas de garantir a seguran\u00e7a alimentar da popula\u00e7\u00e3o mais carente. Na Mesa de Cidadania, essas organiza\u00e7\u00f5es poder\u00e3o juntamente com \u00f3rg\u00e3os do poder p\u00fablico municipal, pensar em novas formas de agilizar esfor\u00e7os de combate \u00e0 fome. Outro setor que participa da mesa \u00e9 o empresariado e o com\u00e9rcio, que tamb\u00e9m tem dado apoio nessa causa. \u201cN\u00f3s temos visto movimentos de empres\u00e1rios locais. O que queremos com a mesa \u00e9 organizar e sistematizar esse processo. Se h\u00e1 cesta b\u00e1sica para ser entregue e distribu\u00edda em determinada regi\u00e3o da cidade, \u00e9 importante detectar naquela regi\u00e3o espec\u00edfica quais as institui\u00e7\u00f5es est\u00e3o ali trabalhando e saber quais as suas limita\u00e7\u00f5es e dificuldades\u201d, explica o secret\u00e1rio de Direitos Humanos, Biel Rocha.<\/p>\n<p>Neste primeiro momento, a Mesa da Cidadania est\u00e1 entrando em contato com as institui\u00e7\u00f5es engajadas no combate \u00e0 fome. Uma pesquisa junto \u00e0s pr\u00f3prias organiza\u00e7\u00f5es est\u00e1 sendo realizada para conhecer suas capacidades e principais dificuldades. \u201cA mesa \u00e9 exatamente para identificar e chamar essas organiza\u00e7\u00f5es para participar. Com isso podemos ter um levantamento de quantas fam\u00edlias s\u00e3o atendidas, para sabermos o que podemos atender de imediato, onde est\u00e3o as situa\u00e7\u00f5es mais urgentes\u201d, pontua Biel Rocha.<\/p>\n<p><b>Articula\u00e7\u00e3o entre entidades e PJF contra a fome<\/b><\/p>\n<p>A Funda\u00e7\u00e3o Maria M\u00e3e j\u00e1 existe em Juiz de Fora h\u00e1 mais de 40 anos. Fundada pela Irm\u00e3 Monique Monceau, come\u00e7aram fornecendo comida para pessoas em situa\u00e7\u00e3o de rua. Atualmente, a organiza\u00e7\u00e3o tamb\u00e9m oferece uma s\u00e9rie de atendimentos. Desde o in\u00edcio da pandemia, a institui\u00e7\u00e3o fornece almo\u00e7o aos fins de semana para os necessitados que procuram seu amparo.<\/p>\n<p>Essa nova frente da organiza\u00e7\u00e3o tem sido articulada junto com a prefeitura, que por meio da Secretaria de Assist\u00eancia Social (SAS) consegue as marmitas pelo Restaurante Popular que \u00e9 provido pela Secretaria de Agricultura, Pecu\u00e1ria e Abastecimento (Seapa). \u201cTemos tido muita procura por cestas, que n\u00e3o distribu\u00edamos antes. Mas como temos tido doa\u00e7\u00f5es, felizmente temos podido atender essa demanda tamb\u00e9m\u201d, explica o presidente da Funda\u00e7\u00e3o Maria M\u00e3e, H\u00e9lio Rodrigues de Oliveira.<\/p>\n<p>Apesar de pouco observada, esse tipo de sinergia entre o poder p\u00fablico municipal, organiza\u00e7\u00f5es beneficente e outros atores no enfrentamento da mis\u00e9ria em Juiz de Fora \u00e9 bastante comum e frequente. Mas precisa de agilidade. \u201cPara isso surge a mesa da cidadania, como espa\u00e7o primeiro de intera\u00e7\u00e3o, de articula\u00e7\u00e3o, de conversa e di\u00e1logo com a participa\u00e7\u00e3o de v\u00e1rias organiza\u00e7\u00f5es que ao longo de muito tempo v\u00eam se dedicando a ajudar as pessoas mais pobres de nossas cidade com distribui\u00e7\u00e3o de alimento ou cesta b\u00e1sica\u201d, explica Biel Rocha, secret\u00e1rio especial de Direitos Humanos.<\/p>\n<p><b>Gest\u00e3o da informa\u00e7\u00e3o<\/b><\/p>\n<p>Al\u00e9m da capacidade de cada institui\u00e7\u00e3o de suprir as necessidades de seguran\u00e7a alimentar de seus atendidos, tamb\u00e9m h\u00e1 o aspecto da gest\u00e3o da informa\u00e7\u00e3o na assist\u00eancia aos desamparados. A pesquisa tamb\u00e9m procura saber qual o grau de detalhamento as organiza\u00e7\u00f5es conseguem ter de seus trabalhos. Segundo H\u00e9lio Rodrigues de Oliveira, da Funda\u00e7\u00e3o Maria M\u00e3e, essa \u00e9 uma preocupa\u00e7\u00e3o muito grande porque a informatiza\u00e7\u00e3o traz agilidade ao trabalho. \u201cTrabalhamos com muitos relat\u00f3rios e precisamos ter esses dados \u00e0 m\u00e3o para n\u00e3o perdermos tempo copiando informa\u00e7\u00e3o de papel\u201d, explica H\u00e9lio.<\/p>\n<p>A informatiza\u00e7\u00e3o dos registros ainda \u00e9 um desafio para muitas institui\u00e7\u00f5es, como a Associa\u00e7\u00e3o de Apoio \u00e0 Crian\u00e7a, Adolescente e Idoso (Acai), formada por amigos no bairro do Retiro h\u00e1 seis anos e que j\u00e1 atua em outros quatro bairros da regi\u00e3o sudeste de Juiz de Fora. Apesar de contar com um sistema de telemarketing para pedidos de doa\u00e7\u00e3o, a institui\u00e7\u00e3o ainda se vale de fichas impressas para controlar os registros de atendidos. \u201cN\u00e3o \u00e9 f\u00e1cil, mas estamos desenvolvendo um sistema, Esse ano vamos nos informatizar\u201d, explica Walter de Moura Gon\u00e7alves, presidente da Acai.<\/p>\n<p>Para ter o panorama dessas capacidades e desafios das entidades aliadas no combate \u00e0 fome, a Mesa da Cidadania est\u00e1 realizando uma pesquisa junto \u00e0s organiza\u00e7\u00f5es para fazer um perfil delas. Trata-se de um formul\u00e1rio online que tem sido remetido por e-mail \u00e0s pr\u00f3prias institui\u00e7\u00f5es beneficentes.<\/p>\n<p><strong>Fonte:\u00a0<\/strong>Assessoria<\/p>\n","protected":false},"excerpt":{"rendered":"<p>Criada pela prefeita Margarida Salom\u00e3o, a Mesa de Cidadania vai se reunir virtualmente, via plataforma Zoom, nesta sexta-feira, dia 22, \u00e0s 17h. Trata-se de um espa\u00e7o para institui\u00e7\u00f5es assistenciais, \u00f3rg\u00e3os p\u00fablicos, setores empresariais e do com\u00e9rcio participarem em conjunto e de maneira mais otimizada, de forma a suprir demandas emergenciais no combate \u00e0 fome. De [&hellip;]<\/p>\n","protected":false},"author":96,"featured_media":176515,"comment_status":"closed","ping_status":"closed","sticky":false,"template":"","format":"standard","meta":{"footnotes":""},"categories":[253,436,439],"tags":[],"class_list":["post-176514","post","type-post","status-publish","format-standard","has-post-thumbnail","hentry","category-cidade","category-destaque-da-semana","category-ultima-hora"],"_links":{"self":[{"href":"https:\/\/diarioregionaldigital.com.br\/index.php?rest_route=\/wp\/v2\/posts\/176514","targetHints":{"allow":["GET"]}}],"collection":[{"href":"https:\/\/diarioregionaldigital.com.br\/index.php?rest_route=\/wp\/v2\/posts"}],"about":[{"href":"https:\/\/diarioregionaldigital.com.br\/index.php?rest_route=\/wp\/v2\/types\/post"}],"author":[{"embeddable":true,"href":"https:\/\/diarioregionaldigital.com.br\/index.php?rest_route=\/wp\/v2\/users\/96"}],"replies":[{"embeddable":true,"href":"https:\/\/diarioregionaldigital.com.br\/index.php?rest_route=%2Fwp%2Fv2%2Fcomments&post=176514"}],"version-history":[{"count":0,"href":"https:\/\/diarioregionaldigital.com.br\/index.php?rest_route=\/wp\/v2\/posts\/176514\/revisions"}],"wp:featuredmedia":[{"embeddable":true,"href":"https:\/\/diarioregionaldigital.com.br\/index.php?rest_route=\/wp\/v2\/media\/176515"}],"wp:attachment":[{"href":"https:\/\/diarioregionaldigital.com.br\/index.php?rest_route=%2Fwp%2Fv2%2Fmedia&parent=176514"}],"wp:term":[{"taxonomy":"category","embeddable":true,"href":"https:\/\/diarioregionaldigital.com.br\/index.php?rest_route=%2Fwp%2Fv2%2Fcategories&post=176514"},{"taxonomy":"post_tag","embeddable":true,"href":"https:\/\/diarioregionaldigital.com.br\/index.php?rest_route=%2Fwp%2Fv2%2Ftags&post=176514"}],"curies":[{"name":"wp","href":"https:\/\/api.w.org\/{rel}","templated":true}]}}