{"id":176511,"date":"2021-01-21T15:49:45","date_gmt":"2021-01-21T18:49:45","guid":{"rendered":"https:\/\/diarioregionaldigital.com.br\/?p=176511"},"modified":"2021-01-21T15:49:45","modified_gmt":"2021-01-21T18:49:45","slug":"fiscalizacao-pela-vida-interdita-estabelecimento-no-centro","status":"publish","type":"post","link":"https:\/\/diarioregionaldigital.com.br\/?p=176511","title":{"rendered":"Fiscaliza\u00e7\u00e3o pela Vida interdita estabelecimento no centro"},"content":{"rendered":"<p>A equipe Fiscaliza\u00e7\u00e3o pela Vida, da Prefeitura de Juiz de Fora (PJF), interditou cautelarmente, na manh\u00e3 desta quinta-feira, dia 21, uma lanchonete, localizada na rua Marechal Deodoro, no Centro.<\/p>\n<p>A a\u00e7\u00e3o ocorreu ap\u00f3s ter sido constatado o consumo interno de alimentos no estabelecimento, comportamento n\u00e3o previsto nos protocolos determinados pelo Plano Minas Consciente, que estabelece as diretrizes para funcionamento das atividades comerciais no per\u00edodo de pandemia na Onda Vermelha. O estabelecimento j\u00e1 havia sido orientado, notificado e autuado anteriormente.<\/p>\n<p>Ap\u00f3s dilig\u00eancia fiscal, a equipe lavrou auto de interdi\u00e7\u00e3o cautelar, fechando o ponto comercial. Durante a a\u00e7\u00e3o, os fiscais orientaram o propriet\u00e1rio que o estabelecimento s\u00f3 poder\u00e1 reabrir com a autoriza\u00e7\u00e3o da Prefeitura e que o descumprimento da ordem ocasiona pena de deten\u00e7\u00e3o por crime de desobedi\u00eancia e multa no valor de R$ 50.581,60, prevista em lei.<\/p>\n<p>A Fiscaliza\u00e7\u00e3o pela Vida \u00e9 uma parceria das Secretarias de Meio Ambiente e Ordenamento Urbano (Semaur), Secretaria de Seguran\u00e7a Urbana e Cidadania (Sesuc), Secretaria de Transportes e Tr\u00e2nsito (Settra) e Pol\u00edcia Militar.<\/p>\n<p><strong>Fonte:\u00a0<\/strong>Assessoria<\/p>\n","protected":false},"excerpt":{"rendered":"<p>A equipe Fiscaliza\u00e7\u00e3o pela Vida, da Prefeitura de Juiz de Fora (PJF), interditou cautelarmente, na manh\u00e3 desta quinta-feira, dia 21, uma lanchonete, localizada na rua Marechal Deodoro, no Centro. A a\u00e7\u00e3o ocorreu ap\u00f3s ter sido constatado o consumo interno de alimentos no estabelecimento, comportamento n\u00e3o previsto nos protocolos determinados pelo Plano Minas Consciente, que estabelece [&hellip;]<\/p>\n","protected":false},"author":96,"featured_media":176512,"comment_status":"closed","ping_status":"closed","sticky":false,"template":"","format":"standard","meta":{"footnotes":""},"categories":[253,436,439],"tags":[],"class_list":["post-176511","post","type-post","status-publish","format-standard","has-post-thumbnail","hentry","category-cidade","category-destaque-da-semana","category-ultima-hora"],"_links":{"self":[{"href":"https:\/\/diarioregionaldigital.com.br\/index.php?rest_route=\/wp\/v2\/posts\/176511","targetHints":{"allow":["GET"]}}],"collection":[{"href":"https:\/\/diarioregionaldigital.com.br\/index.php?rest_route=\/wp\/v2\/posts"}],"about":[{"href":"https:\/\/diarioregionaldigital.com.br\/index.php?rest_route=\/wp\/v2\/types\/post"}],"author":[{"embeddable":true,"href":"https:\/\/diarioregionaldigital.com.br\/index.php?rest_route=\/wp\/v2\/users\/96"}],"replies":[{"embeddable":true,"href":"https:\/\/diarioregionaldigital.com.br\/index.php?rest_route=%2Fwp%2Fv2%2Fcomments&post=176511"}],"version-history":[{"count":0,"href":"https:\/\/diarioregionaldigital.com.br\/index.php?rest_route=\/wp\/v2\/posts\/176511\/revisions"}],"wp:featuredmedia":[{"embeddable":true,"href":"https:\/\/diarioregionaldigital.com.br\/index.php?rest_route=\/wp\/v2\/media\/176512"}],"wp:attachment":[{"href":"https:\/\/diarioregionaldigital.com.br\/index.php?rest_route=%2Fwp%2Fv2%2Fmedia&parent=176511"}],"wp:term":[{"taxonomy":"category","embeddable":true,"href":"https:\/\/diarioregionaldigital.com.br\/index.php?rest_route=%2Fwp%2Fv2%2Fcategories&post=176511"},{"taxonomy":"post_tag","embeddable":true,"href":"https:\/\/diarioregionaldigital.com.br\/index.php?rest_route=%2Fwp%2Fv2%2Ftags&post=176511"}],"curies":[{"name":"wp","href":"https:\/\/api.w.org\/{rel}","templated":true}]}}