{"id":176508,"date":"2021-01-21T15:47:51","date_gmt":"2021-01-21T18:47:51","guid":{"rendered":"https:\/\/diarioregionaldigital.com.br\/?p=176508"},"modified":"2021-01-21T15:47:51","modified_gmt":"2021-01-21T18:47:51","slug":"comitiva-da-cbf-avalia-campos-de-treinamento-a-serem-utilizados-na-copa-do-mundo-2022","status":"publish","type":"post","link":"https:\/\/diarioregionaldigital.com.br\/?p=176508","title":{"rendered":"Comitiva da CBF avalia campos de treinamento a serem utilizados na Copa do Mundo 2022"},"content":{"rendered":"<p><span style=\"font-weight: 400;\">Nesta semana, uma comitiva da Confedera\u00e7\u00e3o Brasileira de Futebol (CBF), fez mais uma rodada de avalia\u00e7\u00f5es dos campos de treinamento e instala\u00e7\u00f5es em Doha no Catar. Os locais ser\u00e3o utilizados durante a Copa do Mundo 2022. Tal vistoria, faz parte do protocolo, que deve ser feito antes da Sele\u00e7\u00e3o Brasileira garantir sua vaga no torneio.<\/span><\/p>\n<p><span style=\"font-weight: 400;\">A comitiva \u00e9 composta pelo coordenador da Sele\u00e7\u00e3o Principal Masculina, o ex-jogador Juninho Paulista, Matheus Bachi, auxiliar t\u00e9cnico e filho de Tite, Fabio Mahseredjian, preparador f\u00edsico, e mais membros de avalia\u00e7\u00e3o log\u00edstica da CBF.\u00a0<\/span><\/p>\n<p><span style=\"font-weight: 400;\">A equipe j\u00e1 tinha feito uma primeira visita, em setembro de 2019 e naquela ocasi\u00e3o, foi feita uma pr\u00e9-escolha dois locais de treino e hot\u00e9is. Al\u00e9m disso, a CBF deve selecionar at\u00e9 tr\u00eas op\u00e7\u00f5es para a delega\u00e7\u00e3o treinar.\u00a0<\/span><\/p>\n<p><span style=\"font-weight: 400;\">No total s\u00e3o 41 campos dispon\u00edveis para alocar 32 sele\u00e7\u00f5es. Dentre eles, s\u00e3o a Universidade do Qatar, o Doha Golf Course, os CTs dos clube Al Wahda e Al Sailiya, o West Bay e a Aspire Academy Zone.<\/span><\/p>\n<p><span style=\"font-weight: 400;\">Feita as visita\u00e7\u00f5es em todos os locais, a CBF ir\u00e1 escolher uma \u00faltima op\u00e7\u00e3o, antes de enviar as documenta\u00e7\u00f5es para a FIFA. Al\u00e9m disso, existe a possibilidade diante das novas instala\u00e7\u00f5es conhecidas, de fazer mudan\u00e7a entre as duas pr\u00e9-escolhidas. Na pr\u00f3xima semana, deve haver uma reuni\u00e3o do t\u00e9cnico Tite, com Juninho e toda a equipe do Brasil, para fazer avalia\u00e7\u00f5es de informa\u00e7\u00f5es obtidas e de fotos\/v\u00eddeos dos locais de treinamento e instala\u00e7\u00f5es.<\/span><\/p>\n<p><span style=\"font-weight: 400;\">Com quatro jogos disputados at\u00e9 ent\u00e3o, o Brasil lidera a tabela de classifica\u00e7\u00e3o das Eliminat\u00f3rias da Am\u00e9rica do Sul, com 12 pontos conquistados, 12 gols marcados e 2 sofridos. O Canarinho venceu a Bol\u00edvia por 5&#215;0, Peru por 4&#215;2, Venezuela por 1&#215;0 e Uruguai por 2&#215;0. O pr\u00f3ximo compromisso ser\u00e1 diante da Col\u00f4mbia, fora de casa, no dia 25 de mar\u00e7o, com local e hor\u00e1rio a serem definidos.<\/span><\/p>\n","protected":false},"excerpt":{"rendered":"<p>Nesta semana, uma comitiva da Confedera\u00e7\u00e3o Brasileira de Futebol (CBF), fez mais uma rodada de avalia\u00e7\u00f5es dos campos de treinamento e instala\u00e7\u00f5es em Doha no Catar. Os locais ser\u00e3o utilizados durante a Copa do Mundo 2022. Tal vistoria, faz parte do protocolo, que deve ser feito antes da Sele\u00e7\u00e3o Brasileira garantir sua vaga no torneio. [&hellip;]<\/p>\n","protected":false},"author":96,"featured_media":176509,"comment_status":"closed","ping_status":"closed","sticky":false,"template":"","format":"standard","meta":{"footnotes":""},"categories":[436,257,439],"tags":[],"class_list":["post-176508","post","type-post","status-publish","format-standard","has-post-thumbnail","hentry","category-destaque-da-semana","category-esporte","category-ultima-hora"],"_links":{"self":[{"href":"https:\/\/diarioregionaldigital.com.br\/index.php?rest_route=\/wp\/v2\/posts\/176508","targetHints":{"allow":["GET"]}}],"collection":[{"href":"https:\/\/diarioregionaldigital.com.br\/index.php?rest_route=\/wp\/v2\/posts"}],"about":[{"href":"https:\/\/diarioregionaldigital.com.br\/index.php?rest_route=\/wp\/v2\/types\/post"}],"author":[{"embeddable":true,"href":"https:\/\/diarioregionaldigital.com.br\/index.php?rest_route=\/wp\/v2\/users\/96"}],"replies":[{"embeddable":true,"href":"https:\/\/diarioregionaldigital.com.br\/index.php?rest_route=%2Fwp%2Fv2%2Fcomments&post=176508"}],"version-history":[{"count":0,"href":"https:\/\/diarioregionaldigital.com.br\/index.php?rest_route=\/wp\/v2\/posts\/176508\/revisions"}],"wp:featuredmedia":[{"embeddable":true,"href":"https:\/\/diarioregionaldigital.com.br\/index.php?rest_route=\/wp\/v2\/media\/176509"}],"wp:attachment":[{"href":"https:\/\/diarioregionaldigital.com.br\/index.php?rest_route=%2Fwp%2Fv2%2Fmedia&parent=176508"}],"wp:term":[{"taxonomy":"category","embeddable":true,"href":"https:\/\/diarioregionaldigital.com.br\/index.php?rest_route=%2Fwp%2Fv2%2Fcategories&post=176508"},{"taxonomy":"post_tag","embeddable":true,"href":"https:\/\/diarioregionaldigital.com.br\/index.php?rest_route=%2Fwp%2Fv2%2Ftags&post=176508"}],"curies":[{"name":"wp","href":"https:\/\/api.w.org\/{rel}","templated":true}]}}