{"id":176500,"date":"2021-01-21T14:54:10","date_gmt":"2021-01-21T17:54:10","guid":{"rendered":"https:\/\/diarioregionaldigital.com.br\/?p=176500"},"modified":"2021-01-21T14:54:10","modified_gmt":"2021-01-21T17:54:10","slug":"fifa-contesta-criacao-de-superliga-europeia-entidade-diz-que-se-houver-participacao-pode-acarretar-em-punicoes","status":"publish","type":"post","link":"https:\/\/diarioregionaldigital.com.br\/?p=176500","title":{"rendered":"FIFA contesta cria\u00e7\u00e3o de Superliga Europeia; entidade diz que se houver participa\u00e7\u00e3o, pode acarretar em puni\u00e7\u00f5es"},"content":{"rendered":"<p><span style=\"font-weight: 400;\">Em comunicado oficial divulgado nesta quinta-feira (21), a FIFA contestou a cria\u00e7\u00e3o de Superliga Europeia, que virou assunto pela imprensa internacional. A entidade m\u00e1xima do futebol, bem como as seis confedera\u00e7\u00f5es: AFC (\u00c1sia), CAF (\u00c1frica), UEFA (Europa), Conmebol (Am\u00e9rica do Sul), CONCACAF (Am\u00e9rica do Norte) e OFC (Oceania), concordaram do torneio n\u00e3o ser reconhecido pela pr\u00f3pria FIFA, ou federa\u00e7\u00e3o.<\/span><\/p>\n<p><span style=\"font-weight: 400;\">No comunicado, a entidade frisa que \u201c<\/span><span style=\"font-weight: 400;\">Qualquer clube ou jogador envolvido em tal competi\u00e7\u00e3o n\u00e3o poderia, em consequ\u00eancia, participar de qualquer competi\u00e7\u00e3o organizada pela FIFA ou sua respectiva confedera\u00e7\u00e3o\u201d. Ou seja, o atleta pode ficar de fora da Copa do Mundo.<\/span><\/p>\n<p><span style=\"font-weight: 400;\">Al\u00e9m disso, a entidade diz que nos estatutos feitos por ela e pelas confedera\u00e7\u00f5es, \u201ctodas as competi\u00e7\u00f5es devem ser organizadas ou reconhecidas pelo \u00f3rg\u00e3o competente em seu respectivo n\u00edvel, pela FIFA em n\u00edvel global e pelas confedera\u00e7\u00f5es a n\u00edvel continental. Nesse sentido, as confedera\u00e7\u00f5es reconhecem o Mundial de Clubes da FIFA, em seu formato atual e novo, como a \u00fanica competi\u00e7\u00e3o mundial de clubes, enquanto a FIFA reconhece as competi\u00e7\u00f5es de clubes organizadas pelas confedera\u00e7\u00f5es como as \u00fanicas competi\u00e7\u00f5es continentais de clubes\u201d.<\/span><\/p>\n<p><span style=\"font-weight: 400;\">O documento foi assinado pelo presidente da entidade Gianni Infantino, Shaikh Salman bin Ebrahim Al Khalifa (AFC), Constant Omari (CAF), Vittorio Montagliani (CONCACAF), Alejandro Dom\u00ednguez (Conmebol), Lambert Maltock (OFC) e Aleksander \u010ceferin (UEFA).<\/span><\/p>\n<p><b>Cria\u00e7\u00e3o da Superliga<\/b><\/p>\n<p><span style=\"font-weight: 400;\">A ideia de criar a Superliga Europeia, tem como proposta reunir os principais clubes no continente, usando o mesmo modelo adotado aos da Euroliga de basquete e da NBA, nos Estados Unidos.<\/span><\/p>\n<p><span style=\"font-weight: 400;\">Os clubes participantes seriam Real Madrid, Barcelona, Manchester United, Manchester City, Chelsea, Arsenal, Liverpool, Paris Saint-Germain, Juventus, Milan e Bayern de Munique. Al\u00e9m disso, incluiria tamb\u00e9m times convidados, como Atl\u00e9tico de Madrid, Olympique de Marselha, Inter de Mil\u00e3o, Roma e Borussia Dortmund.<\/span><\/p>\n<p><span style=\"font-weight: 400;\">O formato do torneio n\u00e3o foi definido, mas a princ\u00edpio contaria de 16 a 18 equipes participantes e seria disputado com jogos de ida e volta, com mata-mata em sede \u00fanica para a defini\u00e7\u00e3o do campe\u00e3o. Na pr\u00e1tica, iria afetar o calend\u00e1rio da Liga dos Campe\u00f5es e da Liga Europa.<\/span><\/p>\n","protected":false},"excerpt":{"rendered":"<p>Em comunicado oficial divulgado nesta quinta-feira (21), a FIFA contestou a cria\u00e7\u00e3o de Superliga Europeia, que virou assunto pela imprensa internacional. A entidade m\u00e1xima do futebol, bem como as seis confedera\u00e7\u00f5es: AFC (\u00c1sia), CAF (\u00c1frica), UEFA (Europa), Conmebol (Am\u00e9rica do Sul), CONCACAF (Am\u00e9rica do Norte) e OFC (Oceania), concordaram do torneio n\u00e3o ser reconhecido pela [&hellip;]<\/p>\n","protected":false},"author":96,"featured_media":176501,"comment_status":"closed","ping_status":"closed","sticky":false,"template":"","format":"standard","meta":{"footnotes":""},"categories":[436,257,439],"tags":[],"class_list":["post-176500","post","type-post","status-publish","format-standard","has-post-thumbnail","hentry","category-destaque-da-semana","category-esporte","category-ultima-hora"],"_links":{"self":[{"href":"https:\/\/diarioregionaldigital.com.br\/index.php?rest_route=\/wp\/v2\/posts\/176500","targetHints":{"allow":["GET"]}}],"collection":[{"href":"https:\/\/diarioregionaldigital.com.br\/index.php?rest_route=\/wp\/v2\/posts"}],"about":[{"href":"https:\/\/diarioregionaldigital.com.br\/index.php?rest_route=\/wp\/v2\/types\/post"}],"author":[{"embeddable":true,"href":"https:\/\/diarioregionaldigital.com.br\/index.php?rest_route=\/wp\/v2\/users\/96"}],"replies":[{"embeddable":true,"href":"https:\/\/diarioregionaldigital.com.br\/index.php?rest_route=%2Fwp%2Fv2%2Fcomments&post=176500"}],"version-history":[{"count":0,"href":"https:\/\/diarioregionaldigital.com.br\/index.php?rest_route=\/wp\/v2\/posts\/176500\/revisions"}],"wp:featuredmedia":[{"embeddable":true,"href":"https:\/\/diarioregionaldigital.com.br\/index.php?rest_route=\/wp\/v2\/media\/176501"}],"wp:attachment":[{"href":"https:\/\/diarioregionaldigital.com.br\/index.php?rest_route=%2Fwp%2Fv2%2Fmedia&parent=176500"}],"wp:term":[{"taxonomy":"category","embeddable":true,"href":"https:\/\/diarioregionaldigital.com.br\/index.php?rest_route=%2Fwp%2Fv2%2Fcategories&post=176500"},{"taxonomy":"post_tag","embeddable":true,"href":"https:\/\/diarioregionaldigital.com.br\/index.php?rest_route=%2Fwp%2Fv2%2Ftags&post=176500"}],"curies":[{"name":"wp","href":"https:\/\/api.w.org\/{rel}","templated":true}]}}