{"id":176497,"date":"2021-01-21T14:12:10","date_gmt":"2021-01-21T17:12:10","guid":{"rendered":"https:\/\/diarioregionaldigital.com.br\/?p=176497"},"modified":"2021-01-21T14:12:10","modified_gmt":"2021-01-21T17:12:10","slug":"michel-macedo-conquista-duas-medalhas-no-esqui-alpino-em-waterville-valley-nos-estados-unidos","status":"publish","type":"post","link":"https:\/\/diarioregionaldigital.com.br\/?p=176497","title":{"rendered":"Michel Macedo conquista duas medalhas no esqui alpino em Waterville Valley, nos Estados Unidos"},"content":{"rendered":"<p><span style=\"font-weight: 400;\">Nos dias 13 e 14 de janeiro, Michel Macedo, atleta de Ski Alpino, participou das provas FIS de Giant Slalom realizadas em Waterville Valley Resort (Estados Unidos), onde conquistou duas medalhas na modalidade. Ele finalizou a prova do dia 13 com a marca de 2min04s68, o que lhe rendeu 39.33 pontos FIS (quanto menos pontos FIS, melhor \u00e9 o resultado) e a medalha de bronze. O atleta ficou apenas 41 cent\u00e9simos atr\u00e1s do primeiro colocado, o americano James Ferri.<\/span><\/p>\n<p><span style=\"font-weight: 400;\">J\u00e1 na prova do dia 14, Michel alcan\u00e7ou a marca de 2min01s26, pontuando 35.67 pontos FIS e conquistando a medalha de ouro. Esse foi o segundo melhor resultado de Michel desde a mudan\u00e7a do c\u00e1lculo de pontua\u00e7\u00e3o FIS na temporada passada (2019\/20), e, com essa vit\u00f3ria, o atleta tem tr\u00eas vit\u00f3rias em provas oficiais v\u00e1lidas pela FIS.<\/span><\/p>\n<p><span style=\"font-weight: 400;\">\u201cAchei que esquiei muito bem, e o resultado mostra isso. No dia que ganhei, eu fiz o meu segundo melhor resultado em termos de FIS points\u201d, comenta Michel.<\/span><\/p>\n<p><span style=\"font-weight: 400;\">O atleta est\u00e1 otimista com o restante da temporada, principalmente para o Campeonato Mundial. \u201cEstou com alta expectativa para o resto da temporada especialmente em GS e estou bem animado para o Campeonato Mundial em Cortina d\u2019Ampezzo em fevereiro\u201d, concluiu.<\/span><\/p>\n<p><span style=\"font-weight: 400;\">A trajet\u00f3ria de Michel Macedo no Ski Alpino brasileiro segue uma evolu\u00e7\u00e3o constante, demonstrando todo o potencial do atleta, com grandes conquistas aos seus 22 anos de idade, como o melhor resultado brasileiro na modalidade nos Jogos Ol\u00edmpicos da Juventude em 2016 e sua primeira participa\u00e7\u00e3o nos Jogos Ol\u00edmpicos de Inverno em 2018.<\/span><\/p>\n<p><span style=\"font-weight: 400;\">Michel \u00e9 o maior medalhista do pa\u00eds em provas oficiais da modalidade, com um total de 12 medalhas ap\u00f3s as provas em Waterville Valley. Ele est\u00e1 \u00e0 frente de Jhonatan Longhi, que est\u00e1 com 4 medalhas, e Guilherme Grahn, que est\u00e1 com 1 medalha.\u00a0<\/span><\/p>\n<p><strong>Fonte:<\/strong> COB<\/p>\n","protected":false},"excerpt":{"rendered":"<p>Nos dias 13 e 14 de janeiro, Michel Macedo, atleta de Ski Alpino, participou das provas FIS de Giant Slalom realizadas em Waterville Valley Resort (Estados Unidos), onde conquistou duas medalhas na modalidade. Ele finalizou a prova do dia 13 com a marca de 2min04s68, o que lhe rendeu 39.33 pontos FIS (quanto menos pontos [&hellip;]<\/p>\n","protected":false},"author":96,"featured_media":176498,"comment_status":"closed","ping_status":"closed","sticky":false,"template":"","format":"standard","meta":{"footnotes":""},"categories":[436,257,439],"tags":[],"class_list":["post-176497","post","type-post","status-publish","format-standard","has-post-thumbnail","hentry","category-destaque-da-semana","category-esporte","category-ultima-hora"],"_links":{"self":[{"href":"https:\/\/diarioregionaldigital.com.br\/index.php?rest_route=\/wp\/v2\/posts\/176497","targetHints":{"allow":["GET"]}}],"collection":[{"href":"https:\/\/diarioregionaldigital.com.br\/index.php?rest_route=\/wp\/v2\/posts"}],"about":[{"href":"https:\/\/diarioregionaldigital.com.br\/index.php?rest_route=\/wp\/v2\/types\/post"}],"author":[{"embeddable":true,"href":"https:\/\/diarioregionaldigital.com.br\/index.php?rest_route=\/wp\/v2\/users\/96"}],"replies":[{"embeddable":true,"href":"https:\/\/diarioregionaldigital.com.br\/index.php?rest_route=%2Fwp%2Fv2%2Fcomments&post=176497"}],"version-history":[{"count":0,"href":"https:\/\/diarioregionaldigital.com.br\/index.php?rest_route=\/wp\/v2\/posts\/176497\/revisions"}],"wp:featuredmedia":[{"embeddable":true,"href":"https:\/\/diarioregionaldigital.com.br\/index.php?rest_route=\/wp\/v2\/media\/176498"}],"wp:attachment":[{"href":"https:\/\/diarioregionaldigital.com.br\/index.php?rest_route=%2Fwp%2Fv2%2Fmedia&parent=176497"}],"wp:term":[{"taxonomy":"category","embeddable":true,"href":"https:\/\/diarioregionaldigital.com.br\/index.php?rest_route=%2Fwp%2Fv2%2Fcategories&post=176497"},{"taxonomy":"post_tag","embeddable":true,"href":"https:\/\/diarioregionaldigital.com.br\/index.php?rest_route=%2Fwp%2Fv2%2Ftags&post=176497"}],"curies":[{"name":"wp","href":"https:\/\/api.w.org\/{rel}","templated":true}]}}