{"id":176483,"date":"2021-01-21T14:00:32","date_gmt":"2021-01-21T17:00:32","guid":{"rendered":"https:\/\/diarioregionaldigital.com.br\/?p=176483"},"modified":"2021-01-21T14:01:36","modified_gmt":"2021-01-21T17:01:36","slug":"pl-propoe-adocao-de-pontos-de-onibus-pela-iniciativa-privada","status":"publish","type":"post","link":"https:\/\/diarioregionaldigital.com.br\/?p=176483","title":{"rendered":"PL prop\u00f5e ado\u00e7\u00e3o de pontos de \u00f4nibus pela iniciativa privada"},"content":{"rendered":"<p><span style=\"font-weight: 400;\">Em aten\u00e7\u00e3o \u00e0s constantes reclama\u00e7\u00f5es de usu\u00e1rios do transporte p\u00fablico, est\u00e1 em tr\u00e2mite na C\u00e2mara um projeto de lei que possibilita a ado\u00e7\u00e3o de pontos de \u00f4nibus por pessoas f\u00edsicas e jur\u00eddicas para implanta\u00e7\u00e3o, melhoria e conserva\u00e7\u00e3o desses espa\u00e7os. De autoria do vereador Bejani J\u00fanior (PODE), o PL estabelece que os interessados podem firmar um termo de coopera\u00e7\u00e3o com o poder p\u00fablico para a concess\u00e3o por 24 meses prorrog\u00e1veis por, no m\u00e1ximo, mais 24 meses.<\/span><\/p>\n<p><span style=\"font-weight: 400;\">O primeiro passo para a ado\u00e7\u00e3o \u00e9 a divulga\u00e7\u00e3o de um edital de chamamento em que constem: a minuta do termo de coopera\u00e7\u00e3o, as regras e condicionantes relacionadas \u00e0 operacionaliza\u00e7\u00e3o; o modelo padr\u00e3o de ponto de parada de \u00f4nibus a ser considerado; e crit\u00e9rios para sele\u00e7\u00e3o em caso de mais de um interessado por ponto de \u00f4nibus. Para participar, os interessados devem apresentar o projeto a ser desenvolvido e o cronograma de a\u00e7\u00f5es. O texto do PL determina ainda o tempo m\u00e1ximo de 60 dias para que as obras de melhoria sejam conclu\u00eddas, contados a partir da formaliza\u00e7\u00e3o do contrato.<\/span><\/p>\n<p><span style=\"font-weight: 400;\">Em contrapartida, os adotantes poder\u00e3o explorar os pontos de \u00f4nibus com publicidade exclusivamente relacionada \u00e0s pr\u00f3prias atividades comerciais. S\u00e3o proibidas campanhas de publicidade de cunho pol\u00edtico; de cigarros e derivados; de bebidas alco\u00f3licas;\u00a0 de jogos de azar; de armas, muni\u00e7\u00e3o e explosivos; e de revistas e publica\u00e7\u00f5es contendo material impr\u00f3prio ou inadequado para crian\u00e7as e adolescentes.\u00a0<\/span><\/p>\n<p><span style=\"font-weight: 400;\">Conforme destaca o vereador, h\u00e1 experi\u00eancias de sucesso semelhantes em v\u00e1rias cidades &#8211; o que ameniza os gastos do munic\u00edpio e assegura maior conforto para o usu\u00e1rio. Bejani J\u00fanior lembrou ainda que, \u201cembora a iniciativa privada adote um ponto de \u00f4nibus, o controle continua sob a responsabilidade da Prefeitura, assim como a aprova\u00e7\u00e3o dos projetos e dos conv\u00eanios. Em outras palavras, o conv\u00eanio somente ser\u00e1 concretizado com a anu\u00eancia do poder p\u00fablico, nos termos que este vier a estabelecer.\u201d<\/span><\/p>\n<p><strong>Fonte:\u00a0<\/strong>Assessoria<\/p>\n","protected":false},"excerpt":{"rendered":"<p>Em aten\u00e7\u00e3o \u00e0s constantes reclama\u00e7\u00f5es de usu\u00e1rios do transporte p\u00fablico, est\u00e1 em tr\u00e2mite na C\u00e2mara um projeto de lei que possibilita a ado\u00e7\u00e3o de pontos de \u00f4nibus por pessoas f\u00edsicas e jur\u00eddicas para implanta\u00e7\u00e3o, melhoria e conserva\u00e7\u00e3o desses espa\u00e7os. De autoria do vereador Bejani J\u00fanior (PODE), o PL estabelece que os interessados podem firmar um [&hellip;]<\/p>\n","protected":false},"author":96,"featured_media":176484,"comment_status":"closed","ping_status":"closed","sticky":false,"template":"","format":"standard","meta":{"footnotes":""},"categories":[436,440,254,439],"tags":[],"class_list":["post-176483","post","type-post","status-publish","format-standard","has-post-thumbnail","hentry","category-destaque-da-semana","category-destaques-do-dia","category-politica","category-ultima-hora"],"_links":{"self":[{"href":"https:\/\/diarioregionaldigital.com.br\/index.php?rest_route=\/wp\/v2\/posts\/176483","targetHints":{"allow":["GET"]}}],"collection":[{"href":"https:\/\/diarioregionaldigital.com.br\/index.php?rest_route=\/wp\/v2\/posts"}],"about":[{"href":"https:\/\/diarioregionaldigital.com.br\/index.php?rest_route=\/wp\/v2\/types\/post"}],"author":[{"embeddable":true,"href":"https:\/\/diarioregionaldigital.com.br\/index.php?rest_route=\/wp\/v2\/users\/96"}],"replies":[{"embeddable":true,"href":"https:\/\/diarioregionaldigital.com.br\/index.php?rest_route=%2Fwp%2Fv2%2Fcomments&post=176483"}],"version-history":[{"count":0,"href":"https:\/\/diarioregionaldigital.com.br\/index.php?rest_route=\/wp\/v2\/posts\/176483\/revisions"}],"wp:featuredmedia":[{"embeddable":true,"href":"https:\/\/diarioregionaldigital.com.br\/index.php?rest_route=\/wp\/v2\/media\/176484"}],"wp:attachment":[{"href":"https:\/\/diarioregionaldigital.com.br\/index.php?rest_route=%2Fwp%2Fv2%2Fmedia&parent=176483"}],"wp:term":[{"taxonomy":"category","embeddable":true,"href":"https:\/\/diarioregionaldigital.com.br\/index.php?rest_route=%2Fwp%2Fv2%2Fcategories&post=176483"},{"taxonomy":"post_tag","embeddable":true,"href":"https:\/\/diarioregionaldigital.com.br\/index.php?rest_route=%2Fwp%2Fv2%2Ftags&post=176483"}],"curies":[{"name":"wp","href":"https:\/\/api.w.org\/{rel}","templated":true}]}}