{"id":176478,"date":"2021-01-21T14:01:18","date_gmt":"2021-01-21T17:01:18","guid":{"rendered":"https:\/\/diarioregionaldigital.com.br\/?p=176478"},"modified":"2021-01-21T14:01:01","modified_gmt":"2021-01-21T17:01:01","slug":"covid-19-pesquisa-feita-pela-ufjf-projeta-ate-473-internacoes-nas-utis-em-juiz-de-fora","status":"publish","type":"post","link":"https:\/\/diarioregionaldigital.com.br\/?p=176478","title":{"rendered":"Covid-19: Pesquisa feita pela UFJF projeta at\u00e9 473 interna\u00e7\u00f5es nas UTIs em Juiz de Fora"},"content":{"rendered":"<p><span style=\"font-weight: 400;\">O Grupo de Modelagem Epidemiol\u00f3gica, formado por pesquisadores da Universidade Federal de Juiz de Fora (UFJF), publicou mais uma nota t\u00e9cnica, referente ao cen\u00e1rio do Covid-19 no munic\u00edpio. De acordo com o levantamento, h\u00e1 proje\u00e7\u00e3o de at\u00e9 473 interna\u00e7\u00f5es nas Unidades de Tratamento Intensivo (UTIs), destinados aos pacientes infectados pela doen\u00e7a. A estimativa \u00e9 esperada at\u00e9 o dia 27 deste m\u00eas.<\/span><\/p>\n<p><span style=\"font-weight: 400;\">Esta an\u00e1lise teve como base, a Fun\u00e7\u00e3o de Resposta ao Impulso, o qual estima que, no per\u00edodo at\u00e9 13 de janeiro, a cada 84 novos casos suspeitos, \u00e9 esperado um aumento de 40 novos casos suspeitos, ap\u00f3s decorridos oito dias. Ou seja, cerca de 4 leitos de enfermaria e um leito de UTI s\u00e3o ocupados. Esta avalia\u00e7\u00e3o resultou na proje\u00e7\u00e3o de at\u00e9 473 interna\u00e7\u00f5es.<\/span><\/p>\n<p><span style=\"font-weight: 400;\">De acordo com uma das autoras do documento, Isabel Leite, a movimenta\u00e7\u00e3o de pessoas durante o final de 2020, como ida \u00e0s rodovi\u00e1rias e pontos de \u00f4nibus, resultou em aumento de 60% na compara\u00e7\u00e3o com o \u00faltimo per\u00edodo analisado, no dia 18 de dezembro:<\/span><\/p>\n<p><span style=\"font-weight: 400;\">\u201cO nosso grande desafio vem nesses primeiros 15, 20 dias do m\u00eas de janeiro, com o retorno das pessoas que sa\u00edram para o feriado: o que acontecer\u00e1 em termos de aumento de casos suspeitos, confirmados e consequentes interna\u00e7\u00f5es, seja em enfermaria ou UTI\u201d.<\/span><\/p>\n<p><span style=\"font-weight: 400;\">Vale ressaltar que a an\u00e1lise da movimenta\u00e7\u00e3o de pessoas foi feita atrav\u00e9s da plataforma Google Mobility. Os dados apresentados no sistema indicam redu\u00e7\u00e3o de ida ao trabalho e a parques no per\u00edodo do feriado do dia primeiro deste m\u00eas.<\/span><\/p>\n<p><b>Aumento de casos e da taxa de letalidade<\/b><\/p>\n<p><span style=\"font-weight: 400;\">Conforme a nota publicada, Juiz de Fora teve aumento de 70% na taxa de m\u00e9dia m\u00f3vel referente aos casos confirmados, em compara\u00e7\u00e3o ao dia 2 deste m\u00eas. Foi registrado tamb\u00e9m crescimento na taxa de letalidade do Covid-19 no munic\u00edpio. No \u00faltimo dia 16, o \u00edndice era de 3,94%. Na mesma data, o valor era <\/span><span style=\"font-weight: 400;\">de 2,46% na regi\u00e3o Macro Sudeste, 2,1% em Minas Gerais e 2,48% no Brasil.\u00a0<\/span><\/p>\n<p><span style=\"font-weight: 400;\">Segundo Isabel Leite: \u201cJuiz de Fora n\u00e3o tem nenhum sinal de controle de pandemia, pelo contr\u00e1rio: o que observamos \u00e9 um aumento no n\u00famero de casos e de vidas perdidas nas tr\u00eas \u00faltimas semanas\u201d, afirma.<\/span><\/p>\n<p><span style=\"font-weight: 400;\">Dentre o n\u00famero de pessoas infectadas na cidade, 57,5% (em Juiz de Fora) e 68,64% (na Macro Sudeste) s\u00e3o em pessoas com idades entre 20 e 59 anos, ou seja, pertencem majoritariamente \u00e0 parte da popula\u00e7\u00e3o que \u00e9 economicamente ativa:<\/span><\/p>\n<p><span style=\"font-weight: 400;\">\u201cFam\u00edlias foram contaminadas possivelmente no Natal e Ano Novo, com viagens e festas. Por mais que tenham sido alertados, manteve-se a tend\u00eancia do agravamento da pandemia no munic\u00edpio, j\u00e1 identificada desde as notas de novembro\u201d, avalia Isabel Leite.<\/span><\/p>\n<p><b>Vidas perdidas<\/b><\/p>\n<p><span style=\"font-weight: 400;\">Quanto ao n\u00famero de mortes confirmadas, os dados apontados na nota t\u00e9cnica indicam que 80% dos pacientes que vieram a falecer em Juiz de Fora tinham 60 ou mais.<\/span><\/p>\n","protected":false},"excerpt":{"rendered":"<p>O Grupo de Modelagem Epidemiol\u00f3gica, formado por pesquisadores da Universidade Federal de Juiz de Fora (UFJF), publicou mais uma nota t\u00e9cnica, referente ao cen\u00e1rio do Covid-19 no munic\u00edpio. De acordo com o levantamento, h\u00e1 proje\u00e7\u00e3o de at\u00e9 473 interna\u00e7\u00f5es nas Unidades de Tratamento Intensivo (UTIs), destinados aos pacientes infectados pela doen\u00e7a. A estimativa \u00e9 esperada [&hellip;]<\/p>\n","protected":false},"author":96,"featured_media":176479,"comment_status":"closed","ping_status":"closed","sticky":false,"template":"","format":"standard","meta":{"footnotes":""},"categories":[253,436,440,439],"tags":[],"class_list":["post-176478","post","type-post","status-publish","format-standard","has-post-thumbnail","hentry","category-cidade","category-destaque-da-semana","category-destaques-do-dia","category-ultima-hora"],"_links":{"self":[{"href":"https:\/\/diarioregionaldigital.com.br\/index.php?rest_route=\/wp\/v2\/posts\/176478","targetHints":{"allow":["GET"]}}],"collection":[{"href":"https:\/\/diarioregionaldigital.com.br\/index.php?rest_route=\/wp\/v2\/posts"}],"about":[{"href":"https:\/\/diarioregionaldigital.com.br\/index.php?rest_route=\/wp\/v2\/types\/post"}],"author":[{"embeddable":true,"href":"https:\/\/diarioregionaldigital.com.br\/index.php?rest_route=\/wp\/v2\/users\/96"}],"replies":[{"embeddable":true,"href":"https:\/\/diarioregionaldigital.com.br\/index.php?rest_route=%2Fwp%2Fv2%2Fcomments&post=176478"}],"version-history":[{"count":0,"href":"https:\/\/diarioregionaldigital.com.br\/index.php?rest_route=\/wp\/v2\/posts\/176478\/revisions"}],"wp:featuredmedia":[{"embeddable":true,"href":"https:\/\/diarioregionaldigital.com.br\/index.php?rest_route=\/wp\/v2\/media\/176479"}],"wp:attachment":[{"href":"https:\/\/diarioregionaldigital.com.br\/index.php?rest_route=%2Fwp%2Fv2%2Fmedia&parent=176478"}],"wp:term":[{"taxonomy":"category","embeddable":true,"href":"https:\/\/diarioregionaldigital.com.br\/index.php?rest_route=%2Fwp%2Fv2%2Fcategories&post=176478"},{"taxonomy":"post_tag","embeddable":true,"href":"https:\/\/diarioregionaldigital.com.br\/index.php?rest_route=%2Fwp%2Fv2%2Ftags&post=176478"}],"curies":[{"name":"wp","href":"https:\/\/api.w.org\/{rel}","templated":true}]}}