{"id":176239,"date":"2021-01-18T14:14:41","date_gmt":"2021-01-18T17:14:41","guid":{"rendered":"https:\/\/diarioregionaldigital.com.br\/?p=176239"},"modified":"2021-01-18T14:25:07","modified_gmt":"2021-01-18T17:25:07","slug":"enem-2020-515-dos-inscritos-no-enem-nao-comparecem-ao-exame","status":"publish","type":"post","link":"https:\/\/diarioregionaldigital.com.br\/?p=176239","title":{"rendered":"Enem 2020: 51,5% dos inscritos no Enem n\u00e3o comparecem ao exame"},"content":{"rendered":"<p><span style=\"font-weight: 400;\">O Exame Nacional do Ensino M\u00e9dio (Enem) 2020 tem absten\u00e7\u00e3o de 51,5% dos candidatos inscritos, de acordo com o Instituto Nacional de Estudos e Pesquisas Educacionais An\u00edsio Teixeira (Inep). Do total de 5.523.029 inscritos para a vers\u00e3o impressa do Enem, que come\u00e7ou a ser no domingo (17), 2.842.332 faltaram \u00e0s provas.<\/span><\/p>\n<p><span style=\"font-weight: 400;\">Segundo o ministro da Educa\u00e7\u00e3o, Milton Ribeiro, a absten\u00e7\u00e3o recorde se deve principalmente ao medo da pandemia e a campanhas contr\u00e1rias \u00e0 realiza\u00e7\u00e3o do exame. Apesar disso, considera a aplica\u00e7\u00e3o vitoriosa. No ano passado, a absten\u00e7\u00e3o no primeiro dia do Enem foi 23%. \u201cFico satisfeito com o que fizemos no meio de uma pandemia\u201d, diz, \u201c[Quero] qualificar o Enem no meio de uma pandemia como algo vitorioso para n\u00e3o atrasar mais a vida de milh\u00f5es de estudantes\u201d.\u00a0 Em 2009, o segundo ano de aplica\u00e7\u00e3o do Enem com a maior absten\u00e7\u00e3o, a porcentagem de inscritos que n\u00e3o compareceram foi de 37%.<\/span><\/p>\n<p><span style=\"font-weight: 400;\">Foram eliminados do exame 2.967 candidatos por n\u00e3o respeitarem as regras do Enem, entre elas, n\u00e3o cumprirem as medidas de seguran\u00e7a para evitar o cont\u00e1gio pelo novo coronav\u00edrus, como usar m\u00e1scara cobrindo a boca e o nariz durante toda a aplica\u00e7\u00e3o. Ao todo, 69 participantes foram afetados por quest\u00f5es log\u00edsticas, como emerg\u00eancias m\u00e9dicas, falta de energia el\u00e9trica, entre outros. Os dados tanto de presen\u00e7a, quanto das elimina\u00e7\u00f5es, segundo o presidente do Inep, s\u00e3o preliminares.\u00a0\u00a0<\/span><\/p>\n<p><b>Sintomas\u00a0<\/b><\/p>\n<p><span style=\"font-weight: 400;\">Nesta edi\u00e7\u00e3o, por conta da pandemia do novo coronav\u00edrus, participantes que apresentassem sintomas da covid-19 ou de outras doen\u00e7as infectocontagiosas n\u00e3o deveriam comparecer ao exame. Esses participantes podem acionar o Inep e solicitar a reaplica\u00e7\u00e3o, que ser\u00e1 nos dias 23 e 24 de fevereiro. At\u00e9 o momento, 10.171 participantes pediram reaplica\u00e7\u00e3o. Desse total, o Inep aceitou o pedido de 8.180.<\/span><\/p>\n<p><span style=\"font-weight: 400;\">Quem apresentou sintomas durante o fim de semana, pode solicitar a reaplica\u00e7\u00e3o, mediante a apresenta\u00e7\u00e3o de laudo m\u00e9dico e documentos comprobat\u00f3rios entre os dias 25 e 29 de janeiro.<\/span><\/p>\n<p><span style=\"font-weight: 400;\">O presidente do Inep, Alexandre Lopes, explica que a partir desta segunda-feira (18), os participantes que apresentaram sintomas devem notificar o Inep e, mesmo que tenham feito a prova no primeiro dia, n\u00e3o devem comparecer ao segundo dia de aplica\u00e7\u00e3o, que ser\u00e1 no pr\u00f3ximo domingo (24). Eles ter\u00e3o direito a reaplica\u00e7\u00e3o.\u00a0<\/span><\/p>\n<p><b>Reaplica\u00e7\u00e3o\u00a0\u00a0<\/b><\/p>\n<p><span style=\"font-weight: 400;\">Estudantes relataram no domingo que foram impedidos de entrar nos locais de aplica\u00e7\u00e3o porque as salas estavam cheias e seria preciso respeitar o distanciamento entre os participantes. Questionado, Lopes diz que a situa\u00e7\u00e3o est\u00e1 sendo apurada. Esses participantes tamb\u00e9m ter\u00e3o direito a fazer a prova na data da reaplica\u00e7\u00e3o. Segundo o presidente, esse casos foram relatados em 11 locais de prova em Florian\u00f3polis (SC), Curitiba (PR), Londrina (PR), Pelotas (RS), Caxias do Sul (RS) e Canoas (RS).\u00a0<\/span><\/p>\n<p><span style=\"font-weight: 400;\">Tamb\u00e9m ter\u00e3o direito a reaplica\u00e7\u00e3o os 160.548 estudantes que fariam a prova no estado do Amazonas, 2.863 em Rolim de Moura (RO) e 969 em Espig\u00e3o D&#8217;Oeste (RO), por conta dos impactos da pandemia nessas localidades. Ao todo, segundo o ministro da Educa\u00e7\u00e3o, foram quase 20 a\u00e7\u00f5es judiciais em todo o pa\u00eds contr\u00e1rias \u00e0 realiza\u00e7\u00e3o do Enem.\u00a0\u00a0<\/span><\/p>\n<p><span style=\"font-weight: 400;\">O Enem come\u00e7ou a ser aplicado do domingo na vers\u00e3o impressa. Os estudantes fizeram as provas de linguagens, ci\u00eancias humanas e de reda\u00e7\u00e3o. A prova segue no pr\u00f3ximo domingo (24), quando ser\u00e3o aplicadas as provas de matem\u00e1tica e ci\u00eancias da natureza. Este ano, o exame ter\u00e1 tamb\u00e9m uma vers\u00e3o <\/span><i><span style=\"font-weight: 400;\">online<\/span><\/i><span style=\"font-weight: 400;\">, que ser\u00e1 aplicada nos dias 31 de janeiro e 7 de fevereiro.<\/span><\/p>\n<p><strong>Fonte:<\/strong> Ag\u00eancia Brasil<\/p>\n","protected":false},"excerpt":{"rendered":"<p>O Exame Nacional do Ensino M\u00e9dio (Enem) 2020 tem absten\u00e7\u00e3o de 51,5% dos candidatos inscritos, de acordo com o Instituto Nacional de Estudos e Pesquisas Educacionais An\u00edsio Teixeira (Inep). Do total de 5.523.029 inscritos para a vers\u00e3o impressa do Enem, que come\u00e7ou a ser no domingo (17), 2.842.332 faltaram \u00e0s provas. Segundo o ministro da [&hellip;]<\/p>\n","protected":false},"author":96,"featured_media":176240,"comment_status":"closed","ping_status":"closed","sticky":false,"template":"","format":"standard","meta":{"footnotes":""},"categories":[302,436,439],"tags":[],"class_list":["post-176239","post","type-post","status-publish","format-standard","has-post-thumbnail","hentry","category-brasil-mundo","category-destaque-da-semana","category-ultima-hora"],"_links":{"self":[{"href":"https:\/\/diarioregionaldigital.com.br\/index.php?rest_route=\/wp\/v2\/posts\/176239","targetHints":{"allow":["GET"]}}],"collection":[{"href":"https:\/\/diarioregionaldigital.com.br\/index.php?rest_route=\/wp\/v2\/posts"}],"about":[{"href":"https:\/\/diarioregionaldigital.com.br\/index.php?rest_route=\/wp\/v2\/types\/post"}],"author":[{"embeddable":true,"href":"https:\/\/diarioregionaldigital.com.br\/index.php?rest_route=\/wp\/v2\/users\/96"}],"replies":[{"embeddable":true,"href":"https:\/\/diarioregionaldigital.com.br\/index.php?rest_route=%2Fwp%2Fv2%2Fcomments&post=176239"}],"version-history":[{"count":0,"href":"https:\/\/diarioregionaldigital.com.br\/index.php?rest_route=\/wp\/v2\/posts\/176239\/revisions"}],"wp:featuredmedia":[{"embeddable":true,"href":"https:\/\/diarioregionaldigital.com.br\/index.php?rest_route=\/wp\/v2\/media\/176240"}],"wp:attachment":[{"href":"https:\/\/diarioregionaldigital.com.br\/index.php?rest_route=%2Fwp%2Fv2%2Fmedia&parent=176239"}],"wp:term":[{"taxonomy":"category","embeddable":true,"href":"https:\/\/diarioregionaldigital.com.br\/index.php?rest_route=%2Fwp%2Fv2%2Fcategories&post=176239"},{"taxonomy":"post_tag","embeddable":true,"href":"https:\/\/diarioregionaldigital.com.br\/index.php?rest_route=%2Fwp%2Fv2%2Ftags&post=176239"}],"curies":[{"name":"wp","href":"https:\/\/api.w.org\/{rel}","templated":true}]}}