{"id":176068,"date":"2021-01-14T14:30:20","date_gmt":"2021-01-14T17:30:20","guid":{"rendered":"https:\/\/diarioregionaldigital.com.br\/?p=176068"},"modified":"2021-01-14T14:30:20","modified_gmt":"2021-01-14T17:30:20","slug":"em-votacao-virtual-comissao-de-atletas-do-cob-define-yane-marques-como-presidente-e-fabiano-pecanha-vice","status":"publish","type":"post","link":"https:\/\/diarioregionaldigital.com.br\/?p=176068","title":{"rendered":"Em vota\u00e7\u00e3o virtual, Comiss\u00e3o de Atletas do COB define Yane Marques como presidente e Fabiano Pe\u00e7anha, vice"},"content":{"rendered":"<p><span style=\"font-weight: 400;\">A nova Comiss\u00e3o de Atletas do Comit\u00ea Ol\u00edmpico do Brasil (CACOB) iniciou oficialmente seus trabalhos. A primeira reuni\u00e3o do novo colegiado elegeu Yane Marques, bronze em Londres 2012 no pentatlo moderno, como presidente e Fabiano Pe\u00e7anha, semifinalista nos 800m em Pequim 2008 e Londres 2012, vice. O encontro foi realizado virtualmente, por conta da pandemia. Yane e Fabiano sucedem, respectivamente, Tiago Camilo, do jud\u00f4, prata nos Jogos Ol\u00edmpicos de Sydney 2000 e bronze em Pequim 2008, e a pr\u00f3pria Yane.<\/span><\/p>\n<p><span style=\"font-weight: 400;\">\u201cA experi\u00eancia que tive nos \u00faltimos quatro anos somou muito para me encorajar a tomar a decis\u00e3o de concorrer \u00e0 presid\u00eancia da CACOB. Ter sido membro do Conselho de Administra\u00e7\u00e3o, estar \u00e0 frente da Secretaria Executiva de Esportes do Recife e ter feito o Curso Avan\u00e7ado de Gest\u00e3o Esportiva, do COB, me agregaram muito como gestora, carreira na qual estou investindo. Agora, como presidente, sei das minhas atribui\u00e7\u00f5es e responsabilidades. Estou preparada para esse desafio\u201d, diz Yane, que recebeu 73% dos votos. Diogo Silva, do taekwondo, e B\u00e1rbara Seixas, do v\u00f4lei de praia, tiveram 11% cada.<\/span><\/p>\n<p><span style=\"font-weight: 400;\">\u201cFiquei muito honrado em ter sido eleito para essa importante miss\u00e3o. Acredito que o engajamento que tive com a Comiss\u00e3o nos \u00faltimos quatro anos contou muito para essa vota\u00e7\u00e3o. A CACOB do \u00faltimo ciclo foi da constru\u00e7\u00e3o, que consolidou a responsabilidade. Agora, depois da abertura que tivemos na gest\u00e3o Paulo Wanderley, os integrantes da atual Comiss\u00e3o v\u00e3o poder dedicar muito mais energia para os atletas porque o espa\u00e7o j\u00e1 foi conquistado\u201d, diz Fabiano Pe\u00e7anha, que teve 60% dos votos, seguido por Rodrig\u00e3o, do v\u00f4lei, com 24%, e Fernanda Nunes, do remo, com 16%.<\/span><\/p>\n<p><span style=\"font-weight: 400;\">A elei\u00e7\u00e3o da CACOB para o ciclo 2021-24, em novembro, foi hist\u00f3rica. Bateu recorde de candidaturas (62) e votantes (374), o que corresponde a 66% do total de atletas-eleitores aptos a votar. O n\u00famero \u00e9 mais que o dobro da participa\u00e7\u00e3o registrada em 2016, quando 170 atletas votaram (pouco mais de 27% do total).<\/span><\/p>\n<p><span style=\"font-weight: 400;\">A Comiss\u00e3o de Atletas tem 13 homens e 12 mulheres. Houve um recorte para garantir a equidade de g\u00eanero entre os eleitos, j\u00e1 que foram escolhidos os 10 homens e 10 mulheres mais votados, al\u00e9m do campe\u00e3o de votos (Diogo Silva), entre os atletas que participaram das \u00faltimas edi\u00e7\u00f5es de Jogos, e os dois homens e duas mulheres mais votadas entre os esportistas que participaram de Jogos anteriores a 2012.<\/span><\/p>\n<p><span style=\"font-weight: 400;\">Houve tamb\u00e9m um limite m\u00e1ximo de dois atletas por Confedera\u00e7\u00e3o entre os atletas que tenham participado de Londres 2012, Sochi 2014, Rio 2016 e\/ou PyeongChang 2018 e tamb\u00e9m de dois atletas por Confedera\u00e7\u00e3o entre os quatro que tenham participado exclusivamente de Jogos anteriores a Londres 2012. Assim, 16 Confedera\u00e7\u00f5es est\u00e3o representadas na CACOB: Atletismo, Basquete, Boxe, Canoagem, Desportos Aqu\u00e1ticos, Desportos no Gelo, Gin\u00e1stica, Handebol, Pentatlo Moderno, Remo, Rugby, Taekwondo, T\u00eanis, Tiro Esportivo, Vela e V\u00f4lei.<\/span><\/p>\n<p><span style=\"font-weight: 400;\">\u201cAgrade\u00e7o ao Tiago Camilo pela condu\u00e7\u00e3o da Comiss\u00e3o de Atletas que encerra um mandato que contribuiu muito para a consolida\u00e7\u00e3o da participa\u00e7\u00e3o dos atletas na gest\u00e3o do esporte brasileiro, deixando um legado muito bonito para os que assumem. Muitas coisas foram implementadas e tenho certeza que a nova comiss\u00e3o desempenhar\u00e1 melhor ainda suas a\u00e7\u00f5es. Fazemos parte de uma corrente, em que todos somos elos, forte e unida para colocar o esporte ol\u00edmpico no local que ele merece. Dou boas-vindas a todos e parabenizo a Yane e o Fabiano\u201d, finaliza Paulo Wanderley, presidente do COB, durante a primeira reuni\u00e3o da CACOB.<\/span><\/p>\n<p><b>Como \u00e9 escolhida a Comiss\u00e3o de Atletas?<\/b><\/p>\n<p><span style=\"font-weight: 400;\">Ao todo, 374 atletas que disputaram os Jogos Ol\u00edmpicos Londres 2012, Sochi 2014, Rio 2016 e\/ou PyeongChang 2018 participaram da elei\u00e7\u00e3o. A elei\u00e7\u00e3o teve 62 candidatos, sendo 32 mulheres e 30 homens, na disputa por 25 vagas (confira a lista dos eleitos abaixo). Cada um teve direito a tr\u00eas votos: um em um candidato do sexo feminino e outro em um candidato do sexo masculino, para eleger o atleta ol\u00edmpico que tenha participado de uma ou mais das duas \u00faltimas edi\u00e7\u00f5es dos Jogos Ol\u00edmpicos de Inverno (2014 e 2018) ou de Ver\u00e3o (2012 e 2016); e um voto para eleger um atleta ol\u00edmpico que tenha participado exclusivamente de Jogos Ol\u00edmpicos anteriores a 2012.\u00a0<\/span><\/p>\n<p><span style=\"font-weight: 400;\">Foram eleitos 21 atletas que participaram de Londres 2012, Sochi 2014, Rio 2016 e\/ou PyeongChang 2018, os Jogos Ol\u00edmpicos imediatamente anteriores \u00e0 elei\u00e7\u00e3o, e outros quatro que tenham participado exclusivamente de Jogos anteriores a 2012.<\/span><\/p>\n<p><b>Quais s\u00e3o as miss\u00f5es da Comiss\u00e3o de Atletas?<\/b><\/p>\n<p><span style=\"font-weight: 400;\">Criada em 2009, a CACOB teve participa\u00e7\u00e3o hist\u00f3rica na Elei\u00e7\u00e3o do COB ano passado. Com direito \u00e0 12 votos &#8211; at\u00e9 2017, somente um integrante podia votar \u2013 os atletas foram decisivos na escolha do presidente, vice e membros do conselho administrativo da entidade. Agora s\u00e3o 19 com poder decis\u00f3rio.<\/span><\/p>\n<p><span style=\"font-weight: 400;\">A Comiss\u00e3o de Atletas tem como objetivos estabelecer um ambiente de discuss\u00e3o e oferecer sugest\u00f5es, recomenda\u00e7\u00f5es ou informa\u00e7\u00f5es sobre quaisquer assuntos relacionados com o Movimento Ol\u00edmpico; representar os direitos e interesses dos atletas Ol\u00edmpicos; incentivar a presen\u00e7a feminina no esporte; e apoiar o desenvolvimento da educa\u00e7\u00e3o dos jovens atrav\u00e9s do esporte, dentre outros.<\/span><\/p>\n<p><span style=\"font-weight: 400;\">Al\u00e9m disso, a CACOB tem a responsabilidade de examinar quest\u00f5es relativas aos Atletas Ol\u00edmpicos; manter contato constante com outras Comiss\u00f5es de Atletas Nacionais e Internacionais; apresentar sugest\u00f5es nas quest\u00f5es referentes ao controle de dopagem; fazer indica\u00e7\u00e3o para elei\u00e7\u00e3o da Comiss\u00e3o de Atletas do COI; al\u00e9m de elaborar o relat\u00f3rio anual da Comiss\u00e3o de Atletas e divulgar suas delibera\u00e7\u00f5es e a\u00e7\u00f5es em andamento para toda a comunidade esportiva.<\/span><\/p>\n<p><b>Integrantes da Comiss\u00e3o de Atletas do COB ciclo 2021-24, Confedera\u00e7\u00e3o e quantos votos receberam:<\/b><\/p>\n<p><span style=\"font-weight: 400;\">Atletas que tenham participado de uma ou mais das duas edi\u00e7\u00f5es dos Jogos Ol\u00edmpicos de Inverno (2014 e 2018) ou de Ver\u00e3o (2012 e 2016) imediatamente anteriores \u00e0 elei\u00e7\u00e3o:<\/span><\/p>\n<p><span style=\"font-weight: 400;\">&#8211; Diogo Silva (taekwondo, 47 votos);<\/span><\/p>\n<p><span style=\"font-weight: 400;\">&#8211; Poliana Okimoto (desportos aqu\u00e1ticos, 46);<\/span><\/p>\n<p><span style=\"font-weight: 400;\">&#8211; Yane Marques (pentatlo moderno, 39);<\/span><\/p>\n<p><span style=\"font-weight: 400;\">&#8211; Gustavo Guimar\u00e3es (desportos aqu\u00e1ticos, 39);<\/span><\/p>\n<p><span style=\"font-weight: 400;\">&#8211; Rodrigo Santana (v\u00f4lei, 27);<\/span><\/p>\n<p><span style=\"font-weight: 400;\">&#8211; Eduarda Amorim (handebol, 26);<\/span><\/p>\n<p><span style=\"font-weight: 400;\">&#8211; Adriana Aparecida da Silva (atletismo, 26);<\/span><\/p>\n<p><span style=\"font-weight: 400;\">&#8211; Fabiano Pe\u00e7anha (atletismo, 26);<\/span><\/p>\n<p><span style=\"font-weight: 400;\">&#8211; Beatriz Futuro (rugby, 25);<\/span><\/p>\n<p><span style=\"font-weight: 400;\">&#8211; Thiagus Petrus (handebol, 24);<\/span><\/p>\n<p><span style=\"font-weight: 400;\">&#8211; Lucas Duque (rugby, 22);<\/span><\/p>\n<p><span style=\"font-weight: 400;\">&#8211; Fernanda Ferreira (remo, 21);<\/span><\/p>\n<p><span style=\"font-weight: 400;\">&#8211; Iziane Marques (basquete, 19);<\/span><\/p>\n<p><span style=\"font-weight: 400;\">&#8211; Francisco Barretto J\u00fanior (gin\u00e1stica, 19);<\/span><\/p>\n<p><span style=\"font-weight: 400;\">&#8211; Edson Bindilatti (desportos no gelo, 19);<\/span><\/p>\n<p><span style=\"font-weight: 400;\">&#8211; B\u00e1rbara Seixas (v\u00f4lei, 16);<\/span><\/p>\n<p><span style=\"font-weight: 400;\">&#8211; Juan Nogueira (boxe, 16);<\/span><\/p>\n<p><span style=\"font-weight: 400;\">&#8211; Isabel Swan (vela, 15);<\/span><\/p>\n<p><span style=\"font-weight: 400;\">&#8211; Emerson Duarte (tiro esportivo, 13);<\/span><\/p>\n<p><span style=\"font-weight: 400;\">&#8211; Arthur Zanetti (gin\u00e1stica, 13);<\/span><\/p>\n<p><span style=\"font-weight: 400;\">&#8211; Ana S\u00e1tila (canoagem, 11).<\/span><\/p>\n<p>&nbsp;<\/p>\n<p><span style=\"font-weight: 400;\">Atletas ol\u00edmpicos que tenham participado exclusivamente de Jogos Ol\u00edmpicos anteriores aos Jogos Ol\u00edmpicos de Inverno (2014 e 2018) ou de Ver\u00e3o (2012 e 2016):<\/span><\/p>\n<p><span style=\"font-weight: 400;\">&#8211; Hort\u00eancia Marcari (basquete, 121);<\/span><\/p>\n<p><span style=\"font-weight: 400;\">&#8211; Jefferson Sabino (atletismo, 51);<\/span><\/p>\n<p><span style=\"font-weight: 400;\">&#8211; Clodoaldo Lopes do Carmo (atletismo, 28);<\/span><\/p>\n<p><span style=\"font-weight: 400;\">&#8211; Joana Cortez (t\u00eanis, 25).<\/span><\/p>\n<p><strong>Fonte:<\/strong> COB<\/p>\n","protected":false},"excerpt":{"rendered":"<p>A nova Comiss\u00e3o de Atletas do Comit\u00ea Ol\u00edmpico do Brasil (CACOB) iniciou oficialmente seus trabalhos. A primeira reuni\u00e3o do novo colegiado elegeu Yane Marques, bronze em Londres 2012 no pentatlo moderno, como presidente e Fabiano Pe\u00e7anha, semifinalista nos 800m em Pequim 2008 e Londres 2012, vice. O encontro foi realizado virtualmente, por conta da pandemia. [&hellip;]<\/p>\n","protected":false},"author":96,"featured_media":176069,"comment_status":"closed","ping_status":"closed","sticky":false,"template":"","format":"standard","meta":{"footnotes":""},"categories":[436,257,439],"tags":[],"class_list":["post-176068","post","type-post","status-publish","format-standard","has-post-thumbnail","hentry","category-destaque-da-semana","category-esporte","category-ultima-hora"],"_links":{"self":[{"href":"https:\/\/diarioregionaldigital.com.br\/index.php?rest_route=\/wp\/v2\/posts\/176068","targetHints":{"allow":["GET"]}}],"collection":[{"href":"https:\/\/diarioregionaldigital.com.br\/index.php?rest_route=\/wp\/v2\/posts"}],"about":[{"href":"https:\/\/diarioregionaldigital.com.br\/index.php?rest_route=\/wp\/v2\/types\/post"}],"author":[{"embeddable":true,"href":"https:\/\/diarioregionaldigital.com.br\/index.php?rest_route=\/wp\/v2\/users\/96"}],"replies":[{"embeddable":true,"href":"https:\/\/diarioregionaldigital.com.br\/index.php?rest_route=%2Fwp%2Fv2%2Fcomments&post=176068"}],"version-history":[{"count":0,"href":"https:\/\/diarioregionaldigital.com.br\/index.php?rest_route=\/wp\/v2\/posts\/176068\/revisions"}],"wp:featuredmedia":[{"embeddable":true,"href":"https:\/\/diarioregionaldigital.com.br\/index.php?rest_route=\/wp\/v2\/media\/176069"}],"wp:attachment":[{"href":"https:\/\/diarioregionaldigital.com.br\/index.php?rest_route=%2Fwp%2Fv2%2Fmedia&parent=176068"}],"wp:term":[{"taxonomy":"category","embeddable":true,"href":"https:\/\/diarioregionaldigital.com.br\/index.php?rest_route=%2Fwp%2Fv2%2Fcategories&post=176068"},{"taxonomy":"post_tag","embeddable":true,"href":"https:\/\/diarioregionaldigital.com.br\/index.php?rest_route=%2Fwp%2Fv2%2Ftags&post=176068"}],"curies":[{"name":"wp","href":"https:\/\/api.w.org\/{rel}","templated":true}]}}