{"id":176060,"date":"2021-01-14T12:23:39","date_gmt":"2021-01-14T15:23:39","guid":{"rendered":"https:\/\/diarioregionaldigital.com.br\/?p=176060"},"modified":"2021-01-14T12:23:39","modified_gmt":"2021-01-14T15:23:39","slug":"covid-19-estado-acumula-619-846-casos-confirmados-e-13-028-mortes","status":"publish","type":"post","link":"https:\/\/diarioregionaldigital.com.br\/?p=176060","title":{"rendered":"Covid-19: Estado acumula 619.846 casos confirmados e 13.028 mortes"},"content":{"rendered":"<p>A Secretaria de Estado da Sa\u00fade de Minas Gerais (SES-MG), publicou nesta quinta-feira (14), o novo <a href=\"https:\/\/www.saude.mg.gov.br\/images\/Boletim%20Epidemiologico_14.01.2021_COVID-19%201.pdf\">boletim<\/a> referente ao Coronav\u00edrus. O levantamento aponta que o estado notificou mais 8.694 novos casos, totalizando 619.846 pessoas infectadas. Os dados indicam que foram registradas mais 134 mortes, contabilizando 13.028 \u00f3bitos.<\/p>\n<p>Al\u00e9m disso, 551.068 pacientes est\u00e3o recuperados da doen\u00e7a, representando 88,90% dos casos. Quanto aos dados de hospitaliza\u00e7\u00e3o, 51.764 est\u00e3o internados e 568.082 fazem isolamento domiciliar.<\/p>\n","protected":false},"excerpt":{"rendered":"<p>A Secretaria de Estado da Sa\u00fade de Minas Gerais (SES-MG), publicou nesta quinta-feira (14), o novo boletim referente ao Coronav\u00edrus. O levantamento aponta que o estado notificou mais 8.694 novos casos, totalizando 619.846 pessoas infectadas. Os dados indicam que foram registradas mais 134 mortes, contabilizando 13.028 \u00f3bitos. Al\u00e9m disso, 551.068 pacientes est\u00e3o recuperados da doen\u00e7a, [&hellip;]<\/p>\n","protected":false},"author":96,"featured_media":169637,"comment_status":"closed","ping_status":"closed","sticky":false,"template":"","format":"standard","meta":{"footnotes":""},"categories":[436,440,252,439],"tags":[],"class_list":["post-176060","post","type-post","status-publish","format-standard","has-post-thumbnail","hentry","category-destaque-da-semana","category-destaques-do-dia","category-regiao","category-ultima-hora"],"_links":{"self":[{"href":"https:\/\/diarioregionaldigital.com.br\/index.php?rest_route=\/wp\/v2\/posts\/176060","targetHints":{"allow":["GET"]}}],"collection":[{"href":"https:\/\/diarioregionaldigital.com.br\/index.php?rest_route=\/wp\/v2\/posts"}],"about":[{"href":"https:\/\/diarioregionaldigital.com.br\/index.php?rest_route=\/wp\/v2\/types\/post"}],"author":[{"embeddable":true,"href":"https:\/\/diarioregionaldigital.com.br\/index.php?rest_route=\/wp\/v2\/users\/96"}],"replies":[{"embeddable":true,"href":"https:\/\/diarioregionaldigital.com.br\/index.php?rest_route=%2Fwp%2Fv2%2Fcomments&post=176060"}],"version-history":[{"count":0,"href":"https:\/\/diarioregionaldigital.com.br\/index.php?rest_route=\/wp\/v2\/posts\/176060\/revisions"}],"wp:featuredmedia":[{"embeddable":true,"href":"https:\/\/diarioregionaldigital.com.br\/index.php?rest_route=\/wp\/v2\/media\/169637"}],"wp:attachment":[{"href":"https:\/\/diarioregionaldigital.com.br\/index.php?rest_route=%2Fwp%2Fv2%2Fmedia&parent=176060"}],"wp:term":[{"taxonomy":"category","embeddable":true,"href":"https:\/\/diarioregionaldigital.com.br\/index.php?rest_route=%2Fwp%2Fv2%2Fcategories&post=176060"},{"taxonomy":"post_tag","embeddable":true,"href":"https:\/\/diarioregionaldigital.com.br\/index.php?rest_route=%2Fwp%2Fv2%2Ftags&post=176060"}],"curies":[{"name":"wp","href":"https:\/\/api.w.org\/{rel}","templated":true}]}}