{"id":176057,"date":"2021-01-14T11:18:11","date_gmt":"2021-01-14T14:18:11","guid":{"rendered":"https:\/\/diarioregionaldigital.com.br\/?p=176057"},"modified":"2021-01-14T11:18:11","modified_gmt":"2021-01-14T14:18:11","slug":"jovem-e-preso-por-posse-de-drogas-no-bairro-santa-helena","status":"publish","type":"post","link":"https:\/\/diarioregionaldigital.com.br\/?p=176057","title":{"rendered":"Jovem \u00e9 preso por posse de drogas no Bairro Santa Helena"},"content":{"rendered":"<p>Durante um patrulhamento na tarde de quarta-feira (13), pelo Bairro Santa Helena (Regi\u00e3o Central), a Pol\u00edcia Militar (PM), avistou um jovem de 23 anos, em atitude suspeita. Ao notar a aproxima\u00e7\u00e3o policial, o autor se assustou e fugiu do local, deixando para tr\u00e1s uma mochila contendo seis buchas grandes de maconha, celular e dinheiro.<\/p>\n<p>Com aux\u00edlio do Pegasus, as guarni\u00e7\u00f5es realizaram cerco em busca do indiv\u00edduo e instantes depois, o mesmo foi preso em flagrante. Foram recolhidos tamb\u00e9m a quantia de 1.828,60 em dinheiro, dezessete tabletes menores de maconha, dois tabletes maiores e dois sacos da mesma subst\u00e2ncia, uma balan\u00e7a de precis\u00e3o, tr\u00eas rolos pl\u00e1sticos para embalar as drogas, dois celulares e outros materiais. Mediante aos fatos, o suspeito foi preso em flagrante e conduzido para a Delegacia.<\/p>\n","protected":false},"excerpt":{"rendered":"<p>Durante um patrulhamento na tarde de quarta-feira (13), pelo Bairro Santa Helena (Regi\u00e3o Central), a Pol\u00edcia Militar (PM), avistou um jovem de 23 anos, em atitude suspeita. Ao notar a aproxima\u00e7\u00e3o policial, o autor se assustou e fugiu do local, deixando para tr\u00e1s uma mochila contendo seis buchas grandes de maconha, celular e dinheiro. Com [&hellip;]<\/p>\n","protected":false},"author":96,"featured_media":175645,"comment_status":"closed","ping_status":"closed","sticky":false,"template":"","format":"standard","meta":{"footnotes":""},"categories":[301,436,439],"tags":[],"class_list":["post-176057","post","type-post","status-publish","format-standard","has-post-thumbnail","hentry","category-artigos-policiais","category-destaque-da-semana","category-ultima-hora"],"_links":{"self":[{"href":"https:\/\/diarioregionaldigital.com.br\/index.php?rest_route=\/wp\/v2\/posts\/176057","targetHints":{"allow":["GET"]}}],"collection":[{"href":"https:\/\/diarioregionaldigital.com.br\/index.php?rest_route=\/wp\/v2\/posts"}],"about":[{"href":"https:\/\/diarioregionaldigital.com.br\/index.php?rest_route=\/wp\/v2\/types\/post"}],"author":[{"embeddable":true,"href":"https:\/\/diarioregionaldigital.com.br\/index.php?rest_route=\/wp\/v2\/users\/96"}],"replies":[{"embeddable":true,"href":"https:\/\/diarioregionaldigital.com.br\/index.php?rest_route=%2Fwp%2Fv2%2Fcomments&post=176057"}],"version-history":[{"count":0,"href":"https:\/\/diarioregionaldigital.com.br\/index.php?rest_route=\/wp\/v2\/posts\/176057\/revisions"}],"wp:featuredmedia":[{"embeddable":true,"href":"https:\/\/diarioregionaldigital.com.br\/index.php?rest_route=\/wp\/v2\/media\/175645"}],"wp:attachment":[{"href":"https:\/\/diarioregionaldigital.com.br\/index.php?rest_route=%2Fwp%2Fv2%2Fmedia&parent=176057"}],"wp:term":[{"taxonomy":"category","embeddable":true,"href":"https:\/\/diarioregionaldigital.com.br\/index.php?rest_route=%2Fwp%2Fv2%2Fcategories&post=176057"},{"taxonomy":"post_tag","embeddable":true,"href":"https:\/\/diarioregionaldigital.com.br\/index.php?rest_route=%2Fwp%2Fv2%2Ftags&post=176057"}],"curies":[{"name":"wp","href":"https:\/\/api.w.org\/{rel}","templated":true}]}}