{"id":175917,"date":"2021-01-12T18:47:36","date_gmt":"2021-01-12T21:47:36","guid":{"rendered":"https:\/\/diarioregionaldigital.com.br\/?p=175917"},"modified":"2021-01-12T18:47:36","modified_gmt":"2021-01-12T21:47:36","slug":"tromba-dagua-inunda-residencias-em-barbacena","status":"publish","type":"post","link":"https:\/\/diarioregionaldigital.com.br\/?p=175917","title":{"rendered":"Tromba d&#8217;\u00e1gua inunda resid\u00eancias em Barbacena"},"content":{"rendered":"<p>No in\u00edcio da madrugada desta ter\u00e7a-feira (12), o Corpo de Bombeiros em Barbacena, foi acionado para comparecer ao distrito Correia de Almeida, pr\u00f3ximo \u00e0 BR-040, onde moradores relataram <span style=\"font-weight: 400;\">que\u00a0 uma forte tromba d&#8217;\u00e1gua, inundou diversas resid\u00eancias na parte mais baixa do distrito, localizado ao lado esquerdo da rodovia no sentido a Juiz de Fora.\u00a0<\/span><\/p>\n<p>Ao chegarem no local, os Bombeiros notaram que a \u00e1gua estava a cerca de 1,80m de altura, e alguns moradores ficaram ilhados. Os mesmos foram<span style=\"font-weight: 400;\"> socorridos com o apoio de\u00a0 populares e encaminhados para locais mais seguros. Entretanto, os Bombeiros informam que uma mulher de 34 anos est\u00e1 desaparecida, uma vez que foi levada pela correnteza. Dando prosseguimento \u00e0s dilig\u00eancias, a corpora\u00e7\u00e3o foi em busca da v\u00edtima, que foi encontrada agarrada em uma \u00e1rvore, para n\u00e3o ser levada pela \u00e1gua. <\/span>Ao ser socorrida pelos Bombeiros, a mulher conta que havia sido picada por uma cobra e estava sonolenta.<\/p>\n<p>Posteriormente, a mesma foi encaminhada pela viatura e depois pelo Samu, at\u00e9 o Hospital Regional, <span style=\"font-weight: 400;\">sendo constatado pelo m\u00e9dico tr\u00eas picadas de cobra venenosa , possivelmente uma jararaca.<\/span><\/p>\n<p>Por volta das 3h, os militares compareceram \u00e0 comunidade de Costas, onde foi relatado que mais moradores estavam ilhados e dentro de uma resid\u00eancia, tinham seis pessoas, incluindo duas crian\u00e7as. No im\u00f3vel, o n\u00edvel da \u00e1gua estava em cerca de 2m de altura.<\/p>\n<p><strong>Deslizamento na BR-040<\/strong><\/p>\n<p>Os Bombeiros foram acionados tamb\u00e9m para atender uma ocorr\u00eancia referente a deslizamento de terra, no Km 714 da BR-040. O incidente prejudicou o tr\u00e2nsito que passa pelo trecho. Uma equipe da Defesa Civil esteve presente no local, para fazer a contagem <span style=\"font-weight: 400;\">dos danos, medidas a serem tomadas\u00a0 e os preju\u00edzos causados.<\/span><\/p>\n<p>&nbsp;<\/p>\n<p>&nbsp;<\/p>\n","protected":false},"excerpt":{"rendered":"<p>No in\u00edcio da madrugada desta ter\u00e7a-feira (12), o Corpo de Bombeiros em Barbacena, foi acionado para comparecer ao distrito Correia de Almeida, pr\u00f3ximo \u00e0 BR-040, onde moradores relataram que\u00a0 uma forte tromba d&#8217;\u00e1gua, inundou diversas resid\u00eancias na parte mais baixa do distrito, localizado ao lado esquerdo da rodovia no sentido a Juiz de Fora.\u00a0 Ao [&hellip;]<\/p>\n","protected":false},"author":96,"featured_media":175918,"comment_status":"closed","ping_status":"closed","sticky":false,"template":"","format":"standard","meta":{"footnotes":""},"categories":[436,252,439],"tags":[],"class_list":["post-175917","post","type-post","status-publish","format-standard","has-post-thumbnail","hentry","category-destaque-da-semana","category-regiao","category-ultima-hora"],"_links":{"self":[{"href":"https:\/\/diarioregionaldigital.com.br\/index.php?rest_route=\/wp\/v2\/posts\/175917","targetHints":{"allow":["GET"]}}],"collection":[{"href":"https:\/\/diarioregionaldigital.com.br\/index.php?rest_route=\/wp\/v2\/posts"}],"about":[{"href":"https:\/\/diarioregionaldigital.com.br\/index.php?rest_route=\/wp\/v2\/types\/post"}],"author":[{"embeddable":true,"href":"https:\/\/diarioregionaldigital.com.br\/index.php?rest_route=\/wp\/v2\/users\/96"}],"replies":[{"embeddable":true,"href":"https:\/\/diarioregionaldigital.com.br\/index.php?rest_route=%2Fwp%2Fv2%2Fcomments&post=175917"}],"version-history":[{"count":0,"href":"https:\/\/diarioregionaldigital.com.br\/index.php?rest_route=\/wp\/v2\/posts\/175917\/revisions"}],"wp:featuredmedia":[{"embeddable":true,"href":"https:\/\/diarioregionaldigital.com.br\/index.php?rest_route=\/wp\/v2\/media\/175918"}],"wp:attachment":[{"href":"https:\/\/diarioregionaldigital.com.br\/index.php?rest_route=%2Fwp%2Fv2%2Fmedia&parent=175917"}],"wp:term":[{"taxonomy":"category","embeddable":true,"href":"https:\/\/diarioregionaldigital.com.br\/index.php?rest_route=%2Fwp%2Fv2%2Fcategories&post=175917"},{"taxonomy":"post_tag","embeddable":true,"href":"https:\/\/diarioregionaldigital.com.br\/index.php?rest_route=%2Fwp%2Fv2%2Ftags&post=175917"}],"curies":[{"name":"wp","href":"https:\/\/api.w.org\/{rel}","templated":true}]}}