{"id":175914,"date":"2021-01-12T18:31:21","date_gmt":"2021-01-12T21:31:21","guid":{"rendered":"https:\/\/diarioregionaldigital.com.br\/?p=175914"},"modified":"2021-01-12T18:31:21","modified_gmt":"2021-01-12T21:31:21","slug":"artista-radicado-em-juiz-de-fora-e-finalista-em-premio-nacional","status":"publish","type":"post","link":"https:\/\/diarioregionaldigital.com.br\/?p=175914","title":{"rendered":"Artista radicado em Juiz de Fora \u00e9 finalista em pr\u00eamio nacional"},"content":{"rendered":"<p>Artista, pesquisador e trabalhador da terra, Washington da Selva, radicado em Juiz de Fora, \u00e9 um dos 20 finalistas do 11\u00ba Pr\u00eamio Desarts 2021, que abrange todo o territ\u00f3rio nacional. Nesta edi\u00e7\u00e3o, com n\u00famero recorde de inscri\u00e7\u00f5es, o p\u00fablico ser\u00e1 respons\u00e1vel por definir o vencedor, por meio de\u00a0<a href=\"https:\/\/dasartes.com.br\/votacao-garimpo\/\">voto virtual<\/a>, com vota\u00e7\u00e3o popular at\u00e9 o dia 25 de janeiro.<\/p>\n<p>Washington concorre com a s\u00e9rie de bordados \u201cSocial Jungle\u201d, que recebeu incentivo do edital \u201cNa Nuvem\u201d, promovido em 2020 pela Funda\u00e7\u00e3o Cultural Alfredo Ferreira Lage (Funalfa), com recursos de emenda parlamentar da ent\u00e3o deputada Margarida Salom\u00e3o, atual prefeita de Juiz de Fora.\u00a0<a href=\"https:\/\/youtu.be\/Hhy5HCehH38\">O v\u00eddeo<\/a>\u00a0descreve o processo de cria\u00e7\u00e3o de duas s\u00e9ries art\u00edsticas, discutindo tecnologia, g\u00eanero, cultura e mem\u00f3ria, e vinculando os trabalhos \u00e0 tradi\u00e7\u00e3o t\u00eaxtil da cidade.<\/p>\n<p>Natural de Carmo do Parana\u00edba (MG), Washington Selva tem 29 anos e graduou-se no curso Interdisciplinar em Artes e Design pela Universidade Federal de Juiz de Fora (UFJF), em 2016. Atualmente cursa mestrado na \u00e1rea de \u201cArtes, Cultura e Linguagens\u201d, na mesma institui\u00e7\u00e3o de ensino. Sua atividade acad\u00eamica corre em paralelo \u00e0 produ\u00e7\u00e3o art\u00edstica, desenvolvida na linha \u201cEstudos Interartes e M\u00fasica\u201d.<\/p>\n<p>Selva conta que para a s\u00e9rie de trabalhos \u2018Social Jungle\u2019, bordou imagens enviadas via celular por sua m\u00e3e, atrav\u00e9s de capturas da c\u00e2mera de seguran\u00e7a instaladas em sua casa, hoje, localizada na \u00e1rea urbana da cidade de Carmo do Parana\u00edba. \u201cNas imagens, pessoas indo de um lugar a outro, em sua maioria se deslocando ao trabalho ou, muitas vezes, utilizando-se da rua como um espa\u00e7o laboral. Nesses bordados, dou um valor diferente para essas imagens que hoje s\u00e3o super ef\u00eameras e desaparecem em at\u00e9 24 horas,\u201d observa o artista.<\/p>\n<p>Entre as exposi\u00e7\u00f5es coletivas de que participou, destacam-se: \u201c16\u00ba Sal\u00e3o Nacional de Arte Contempor\u00e2nea de Guarulhos\u201d (2020); \u201cExposi\u00e7\u00e3o virtual VRTLZND\u201d, com acompanhamento curatorial de L\u00edvia Benedetti e Marcela Vieira (AAREA), em parceria com o SESC Avenida Paulista (2020); \u201cEntre Enigmas e Percursos\u201d, Jardim Bot\u00e2nico da UFJF (2019); \u201cAs Caixas no Museu Vivo da Mem\u00f3ria Candanga\u201d, Bras\u00edlia DF (2018).<\/p>\n<p><b>Sobre o pr\u00eamio<\/b><\/p>\n<p>O 11\u00ba Pr\u00eamio das Artes \u00e9 realizado pelo DASartes, principal grupo de conte\u00fado em artes visuais do Brasil. O vencedor ganhar\u00e1 artigo especial na revista bimestral \u201cDASartes\u201d, da Editora Selo, que busca apresentar e discutir\/refletir sobre o que de mais significativo acontece no mundo das artes visuais. O p\u00fablico \u00e9 formado por segmentos focados na \u00e1rea, como professores, estudantes de arte, galeristas, colecionadores e marchands.<\/p>\n<p><strong>Fonte:\u00a0<\/strong>Assessoria<\/p>\n","protected":false},"excerpt":{"rendered":"<p>Artista, pesquisador e trabalhador da terra, Washington da Selva, radicado em Juiz de Fora, \u00e9 um dos 20 finalistas do 11\u00ba Pr\u00eamio Desarts 2021, que abrange todo o territ\u00f3rio nacional. Nesta edi\u00e7\u00e3o, com n\u00famero recorde de inscri\u00e7\u00f5es, o p\u00fablico ser\u00e1 respons\u00e1vel por definir o vencedor, por meio de\u00a0voto virtual, com vota\u00e7\u00e3o popular at\u00e9 o dia [&hellip;]<\/p>\n","protected":false},"author":96,"featured_media":175915,"comment_status":"closed","ping_status":"closed","sticky":false,"template":"","format":"standard","meta":{"footnotes":""},"categories":[256,436,262],"tags":[],"class_list":["post-175914","post","type-post","status-publish","format-standard","has-post-thumbnail","hentry","category-cultura","category-destaque-da-semana","category-noticias"],"_links":{"self":[{"href":"https:\/\/diarioregionaldigital.com.br\/index.php?rest_route=\/wp\/v2\/posts\/175914","targetHints":{"allow":["GET"]}}],"collection":[{"href":"https:\/\/diarioregionaldigital.com.br\/index.php?rest_route=\/wp\/v2\/posts"}],"about":[{"href":"https:\/\/diarioregionaldigital.com.br\/index.php?rest_route=\/wp\/v2\/types\/post"}],"author":[{"embeddable":true,"href":"https:\/\/diarioregionaldigital.com.br\/index.php?rest_route=\/wp\/v2\/users\/96"}],"replies":[{"embeddable":true,"href":"https:\/\/diarioregionaldigital.com.br\/index.php?rest_route=%2Fwp%2Fv2%2Fcomments&post=175914"}],"version-history":[{"count":0,"href":"https:\/\/diarioregionaldigital.com.br\/index.php?rest_route=\/wp\/v2\/posts\/175914\/revisions"}],"wp:featuredmedia":[{"embeddable":true,"href":"https:\/\/diarioregionaldigital.com.br\/index.php?rest_route=\/wp\/v2\/media\/175915"}],"wp:attachment":[{"href":"https:\/\/diarioregionaldigital.com.br\/index.php?rest_route=%2Fwp%2Fv2%2Fmedia&parent=175914"}],"wp:term":[{"taxonomy":"category","embeddable":true,"href":"https:\/\/diarioregionaldigital.com.br\/index.php?rest_route=%2Fwp%2Fv2%2Fcategories&post=175914"},{"taxonomy":"post_tag","embeddable":true,"href":"https:\/\/diarioregionaldigital.com.br\/index.php?rest_route=%2Fwp%2Fv2%2Ftags&post=175914"}],"curies":[{"name":"wp","href":"https:\/\/api.w.org\/{rel}","templated":true}]}}