{"id":175911,"date":"2021-01-12T18:29:47","date_gmt":"2021-01-12T21:29:47","guid":{"rendered":"https:\/\/diarioregionaldigital.com.br\/?p=175911"},"modified":"2021-01-12T18:29:47","modified_gmt":"2021-01-12T21:29:47","slug":"secretaria-de-meio-ambiente-e-ordenamento-urbano-divulga-balanco-de-acoes-do-fim-de-semana","status":"publish","type":"post","link":"https:\/\/diarioregionaldigital.com.br\/?p=175911","title":{"rendered":"Secretaria de Meio Ambiente e Ordenamento Urbano divulga balan\u00e7o de a\u00e7\u00f5es do fim de semana"},"content":{"rendered":"<p>A equipe de Fiscaliza\u00e7\u00e3o pela Vida, da Prefeitura de Juiz de Fora (PJF), notificou entre os dias 8 e 10 de janeiro mais de 200 estabelecimentos comerciais durante o fim de semana.<\/p>\n<p>As a\u00e7\u00f5es nesse primeiro momento visam a conscientizar a popula\u00e7\u00e3o e os empres\u00e1rios de todos os setores sobre a necessidade da atua\u00e7\u00e3o conjunta da sociedade para a responsabilidade com a vida. As atividades foram realizadas nas regi\u00f5es centro, nordeste, oeste e norte da cidade.<\/p>\n<p>A secret\u00e1ria de Meio Ambiente e Ordenamento Urbano, Aline Junqueira, ressaltou que nesse primeiro momento as equipes est\u00e3o orientadas a desenvolver a\u00e7\u00f5es de orienta\u00e7\u00e3o e conscientiza\u00e7\u00e3o. \u201cAp\u00f3s essa primeira abordagem, a fiscaliza\u00e7\u00e3o est\u00e1 orientada a notificar os estabelecimentos que descumprirem as regras estabelecidas pela equipe do F\u00f3rum em Defesa da Vida\u201d.<\/p>\n<p>O objetivo das interven\u00e7\u00f5es e da participa\u00e7\u00e3o de toda a sociedade nesse processo \u00e9 permitir que a cidade continue na onda amarela e caminhe para a onda verde do Minas consciente.<\/p>\n<p><strong>Fonte:\u00a0<\/strong>Assessoria<\/p>\n","protected":false},"excerpt":{"rendered":"<p>A equipe de Fiscaliza\u00e7\u00e3o pela Vida, da Prefeitura de Juiz de Fora (PJF), notificou entre os dias 8 e 10 de janeiro mais de 200 estabelecimentos comerciais durante o fim de semana. As a\u00e7\u00f5es nesse primeiro momento visam a conscientizar a popula\u00e7\u00e3o e os empres\u00e1rios de todos os setores sobre a necessidade da atua\u00e7\u00e3o conjunta [&hellip;]<\/p>\n","protected":false},"author":96,"featured_media":175912,"comment_status":"closed","ping_status":"closed","sticky":false,"template":"","format":"standard","meta":{"footnotes":""},"categories":[253,436,439],"tags":[],"class_list":["post-175911","post","type-post","status-publish","format-standard","has-post-thumbnail","hentry","category-cidade","category-destaque-da-semana","category-ultima-hora"],"_links":{"self":[{"href":"https:\/\/diarioregionaldigital.com.br\/index.php?rest_route=\/wp\/v2\/posts\/175911","targetHints":{"allow":["GET"]}}],"collection":[{"href":"https:\/\/diarioregionaldigital.com.br\/index.php?rest_route=\/wp\/v2\/posts"}],"about":[{"href":"https:\/\/diarioregionaldigital.com.br\/index.php?rest_route=\/wp\/v2\/types\/post"}],"author":[{"embeddable":true,"href":"https:\/\/diarioregionaldigital.com.br\/index.php?rest_route=\/wp\/v2\/users\/96"}],"replies":[{"embeddable":true,"href":"https:\/\/diarioregionaldigital.com.br\/index.php?rest_route=%2Fwp%2Fv2%2Fcomments&post=175911"}],"version-history":[{"count":0,"href":"https:\/\/diarioregionaldigital.com.br\/index.php?rest_route=\/wp\/v2\/posts\/175911\/revisions"}],"wp:featuredmedia":[{"embeddable":true,"href":"https:\/\/diarioregionaldigital.com.br\/index.php?rest_route=\/wp\/v2\/media\/175912"}],"wp:attachment":[{"href":"https:\/\/diarioregionaldigital.com.br\/index.php?rest_route=%2Fwp%2Fv2%2Fmedia&parent=175911"}],"wp:term":[{"taxonomy":"category","embeddable":true,"href":"https:\/\/diarioregionaldigital.com.br\/index.php?rest_route=%2Fwp%2Fv2%2Fcategories&post=175911"},{"taxonomy":"post_tag","embeddable":true,"href":"https:\/\/diarioregionaldigital.com.br\/index.php?rest_route=%2Fwp%2Fv2%2Ftags&post=175911"}],"curies":[{"name":"wp","href":"https:\/\/api.w.org\/{rel}","templated":true}]}}