{"id":175900,"date":"2021-01-12T18:28:12","date_gmt":"2021-01-12T21:28:12","guid":{"rendered":"https:\/\/diarioregionaldigital.com.br\/?p=175900"},"modified":"2021-01-12T18:28:12","modified_gmt":"2021-01-12T21:28:12","slug":"ufjf-abre-periodo-de-inscricoes-para-mestrado-em-engenharia-civil","status":"publish","type":"post","link":"https:\/\/diarioregionaldigital.com.br\/?p=175900","title":{"rendered":"UFJF abre per\u00edodo de inscri\u00e7\u00f5es para mestrado em Engenharia Civil"},"content":{"rendered":"<p><span style=\"font-weight: 400;\">A Universidade Federal de Juiz de Fora (PJF), abriu nesta ter\u00e7a-feira (12), as inscri\u00e7\u00f5es para o mestrado em Engenharia Civil. O curso ser\u00e1 feito de forma remota e os interessados podem se inscrever at\u00e9 o dia 31 deste m\u00eas, atrav\u00e9s de um formul\u00e1rio dispon\u00edvel on-line.\u00a0<\/span><\/p>\n<p><span style=\"font-weight: 400;\">Conforme informa\u00e7\u00f5es no Edital, ser\u00e3o ofertadas at\u00e9 20 vagas, <\/span><span style=\"font-weight: 400;\">divididas em duas \u00e1reas de concentra\u00e7\u00e3o: Estruturas e Materiais; e Saneamento e Meio Ambiente. Diante disso, os candidatos devem se inserir em uma das quatro linhas de pesquisa: Materiais e Componentes de Constru\u00e7\u00e3o; Mec\u00e2nica das Estruturas; Monitoramento e Gest\u00e3o de Recursos Naturais; ou em Tecnologias Ambientais.\u00a0<\/span><\/p>\n<p><span style=\"font-weight: 400;\">Inclusive, o Programa de P\u00f3s-Gradua\u00e7\u00e3o em Engenharia Civil (PEC), poder\u00e1 aceitar candidatos para cursar disciplinas isoladas a crit\u00e9rio do professor e com a devida anu\u00eancia do Colegiado.<\/span><\/p>\n<p><b>Inscri\u00e7\u00f5es<\/b><\/p>\n<p><span style=\"font-weight: 400;\">Como citado anteriormente, os interessados devem efetuar a inscri\u00e7\u00e3o, atrav\u00e9s de um formul\u00e1rio on-line e para que isso seja feito, \u00e9 necess\u00e1rio que o candidato tenha uma conta no Gmail. Todos os documentos exigidos devem ser enviados remotamente, por meio de upload no pr\u00f3prio formul\u00e1rio de inscri\u00e7\u00e3o.<\/span><\/p>\n<p><span style=\"font-weight: 400;\">Os interessados em se inscrever para a \u00e1rea de concentra\u00e7\u00e3o em \u201cEstruturas e Materiais\u201d devem ser graduados nos cursos de Engenharia Civil, Engenharia Computacional, Engenharia de Materiais, Engenharia Mec\u00e2nica e Engenharia Aeron\u00e1utica. J\u00e1 para a de \u201cSaneamento e Meio Ambiente\u201d, ser\u00e3o aceitos graduados em cursos de Ensino Superior reconhecidos pelo Minist\u00e9rio da Educa\u00e7\u00e3o (MEC).<\/span><\/p>\n<p><span style=\"font-weight: 400;\">J\u00e1 os candidatos portadores de alguma defici\u00eancia, devem informar suas devidas condi\u00e7\u00f5es ao PEC, atrav\u00e9s do e-mail ppg.civil@engenharia.ufjf.br, para que as condi\u00e7\u00f5es de acessibilidade sejam providenciadas durante o processo seletivo.\u00a0<\/span><\/p>\n<p><span style=\"font-weight: 400;\">O deferimento das inscri\u00e7\u00f5es est\u00e1 previsto para ser divulgado no dia 3 de fevereiro. Se houver necessidade de interposi\u00e7\u00e3o de recursos, o prazo para que estes sejam feitos, \u00e9 entre os dias 3 e 5 do mesmo m\u00eas.\u00a0<\/span><\/p>\n<p><b>Divis\u00e3o do processo de sele\u00e7\u00e3o<\/b><\/p>\n<p><span style=\"font-weight: 400;\">A UFJF informa que ser\u00e3o feitas duas etapas eliminat\u00f3rias, no ato do processo de sele\u00e7\u00e3o para o mestrado. A primeira consiste na realiza\u00e7\u00e3o de provas objetivas de m\u00faltipla escolha e a segunda ser\u00e1 a de An\u00e1lise de Curr\u00edculo dos candidatos. O resultado final est\u00e1 previsto para ser disponibilizado a partir do dia 4 de mar\u00e7o. Os candidatos poder\u00e3o ser convocados em outras chamadas, conforme especifica o edital.<\/span><\/p>\n","protected":false},"excerpt":{"rendered":"<p>A Universidade Federal de Juiz de Fora (PJF), abriu nesta ter\u00e7a-feira (12), as inscri\u00e7\u00f5es para o mestrado em Engenharia Civil. O curso ser\u00e1 feito de forma remota e os interessados podem se inscrever at\u00e9 o dia 31 deste m\u00eas, atrav\u00e9s de um formul\u00e1rio dispon\u00edvel on-line.\u00a0 Conforme informa\u00e7\u00f5es no Edital, ser\u00e3o ofertadas at\u00e9 20 vagas, divididas [&hellip;]<\/p>\n","protected":false},"author":96,"featured_media":175909,"comment_status":"closed","ping_status":"closed","sticky":false,"template":"","format":"standard","meta":{"footnotes":""},"categories":[253,436,439],"tags":[],"class_list":["post-175900","post","type-post","status-publish","format-standard","has-post-thumbnail","hentry","category-cidade","category-destaque-da-semana","category-ultima-hora"],"_links":{"self":[{"href":"https:\/\/diarioregionaldigital.com.br\/index.php?rest_route=\/wp\/v2\/posts\/175900","targetHints":{"allow":["GET"]}}],"collection":[{"href":"https:\/\/diarioregionaldigital.com.br\/index.php?rest_route=\/wp\/v2\/posts"}],"about":[{"href":"https:\/\/diarioregionaldigital.com.br\/index.php?rest_route=\/wp\/v2\/types\/post"}],"author":[{"embeddable":true,"href":"https:\/\/diarioregionaldigital.com.br\/index.php?rest_route=\/wp\/v2\/users\/96"}],"replies":[{"embeddable":true,"href":"https:\/\/diarioregionaldigital.com.br\/index.php?rest_route=%2Fwp%2Fv2%2Fcomments&post=175900"}],"version-history":[{"count":0,"href":"https:\/\/diarioregionaldigital.com.br\/index.php?rest_route=\/wp\/v2\/posts\/175900\/revisions"}],"wp:featuredmedia":[{"embeddable":true,"href":"https:\/\/diarioregionaldigital.com.br\/index.php?rest_route=\/wp\/v2\/media\/175909"}],"wp:attachment":[{"href":"https:\/\/diarioregionaldigital.com.br\/index.php?rest_route=%2Fwp%2Fv2%2Fmedia&parent=175900"}],"wp:term":[{"taxonomy":"category","embeddable":true,"href":"https:\/\/diarioregionaldigital.com.br\/index.php?rest_route=%2Fwp%2Fv2%2Fcategories&post=175900"},{"taxonomy":"post_tag","embeddable":true,"href":"https:\/\/diarioregionaldigital.com.br\/index.php?rest_route=%2Fwp%2Fv2%2Ftags&post=175900"}],"curies":[{"name":"wp","href":"https:\/\/api.w.org\/{rel}","templated":true}]}}