{"id":175880,"date":"2021-01-12T18:12:29","date_gmt":"2021-01-12T21:12:29","guid":{"rendered":"https:\/\/diarioregionaldigital.com.br\/?p=175880"},"modified":"2021-01-12T18:12:29","modified_gmt":"2021-01-12T21:12:29","slug":"defesa-civil-faz-vistorias-em-locais-atingidos-pela-chuva-em-juiz-de-fora","status":"publish","type":"post","link":"https:\/\/diarioregionaldigital.com.br\/?p=175880","title":{"rendered":"Defesa Civil faz vistorias em locais atingidos pela chuva em Juiz de Fora"},"content":{"rendered":"<p><span style=\"font-weight: 400;\">Por conta das fortes chuvas que atingiram o munic\u00edpio de Juiz de Fora, a Defesa Civil realizou vistorias pelos locais mais afetados pelo temporal. A demanda de ocorr\u00eancias atingiu a marca de 124 em menos de 48 horas, sendo 106 registradas apenas na segunda-feira (11). Das 18 ocorr\u00eancias registradas at\u00e9 a tarde desta ter\u00e7a-feira (12), cinco s\u00e3o referentes \u00e0 mesma natureza.<\/span><\/p>\n<p><span style=\"font-weight: 400;\">Dentre as chamadas recebidas pelo \u00f3rg\u00e3o, boa parte delas \u00e9 referente a escorregamento de talude. Nos \u00faltimos dois dias, a situa\u00e7\u00e3o foi relatada 40 vezes e foram registradas oito ocorr\u00eancias de amea\u00e7as de escorregamento. A Defesa Civil informa que o total representa um quarto das chamadas, considerando todo o ano de 2021.<\/span><\/p>\n<p><span style=\"font-weight: 400;\">Na segunda-feira (11), duas resid\u00eancias localizadas no Bairro Santa Luzia (Regi\u00e3o Sul), foram interditadas por conta do deslizamento de terra. O solo que dava acesso \u00e0s casas ficou comprometido e consequentemente, impediu a entrada de moradores. A equipe de Engenharia da Defesa Civil acionou os bombeiros, que resgataram uma senhora e um adolescente que estavam no im\u00f3vel.<\/span><\/p>\n<p><span style=\"font-weight: 400;\">Foi notificado tamb\u00e9m um outro deslizamento, ocorrido no Bairro Vila Ideal (Regi\u00e3o Sudeste), que interditou uma resid\u00eancia localizada na Rua Jo\u00e3o Luiz Alves. O incidente afetou o muro de conten\u00e7\u00e3o e danificou as paredes do quarto, da cozinha e do banheiro.<\/span><\/p>\n<p><b>PJF faz <\/b><b>desobstru\u00e7\u00e3o <\/b><b>de estradas<\/b><\/p>\n<p><span style=\"font-weight: 400;\">Desde o in\u00edcio da semana, a Secretaria de Obras (SO) da Prefeitura de Juiz de Fora (PJF), tem trabalhado na retirada de barreiras que ca\u00edram sobre as estradas da zona rural do munic\u00edpio.<\/span><\/p>\n<p><span style=\"font-weight: 400;\">Nessa ter\u00e7a-feira, as equipes ficaram concentradas em um dos acessos secund\u00e1rios ao distrito de Humait\u00e1, no trecho conhecido como Morro do Sab\u00e3o. J\u00e1 a Estrada da Lagoa, que liga Torre\u00f5es \u00e0 Pirapetinga e faz parte do trajeto do transporte coletivo, foi totalmente liberada na noite de segunda-feira.<\/span><\/p>\n<p><span style=\"font-weight: 400;\">J\u00e1 na \u00e1rea urbana, foi feito um servi\u00e7o de conten\u00e7\u00e3o, para evitar a descida de lama da encosta, na Rua Laura Mascarenhas Guzela, no Bairro Monte Castelo (Monte Castelo). Al\u00e9m disso, foi feita a recomposi\u00e7\u00e3o da rede de drenagem de \u00e1guas pluviais na Rua Humberto Botti, no Bairro Ces\u00e1rio Alvim (Regi\u00e3o Leste), e na Rua Yolanda Bragagnolo, no S\u00e3o Geraldo (Regi\u00e3o Sul).<\/span><\/p>\n<p><b>C\u00e2mara Municipal discute situa\u00e7\u00e3o dos bairros atingidos pelas chuvas<\/b><\/p>\n<p><span style=\"font-weight: 400;\">Na tarde de segunda-feira, os vereadores se reuniram na C\u00e2mara Municipal de Juiz de Fora, para falar sobre a situa\u00e7\u00e3o dos bairros mais afetados pelas fortes chuvas na cidade. <\/span><span style=\"font-weight: 400;\">O presidente da Casa, vereador Juraci Scheffer (PT), anunciou que em breve ser\u00e1 agendada uma Audi\u00eancia P\u00fablica sobre a tem\u00e1tica e que vai buscar uma reuni\u00e3o com setores da PJF para trazer aos vereadores um panorama sobre a situa\u00e7\u00e3o atual e o andamento dos atendimentos operacionais.\u00a0<\/span><\/p>\n<p><span style=\"font-weight: 400;\">Os parlamentares que participaram da sess\u00e3o, afirmaram que a quest\u00e3o da chuva no munic\u00edpio \u00e9 avaliada como situa\u00e7\u00e3o emergencial. O vereador Tiago Bonec\u00e3o (CIDADANIA) contou que foi marcado em mais de 200 postagens em redes sociais no \u00faltimo fim de semana, e pediu aten\u00e7\u00e3o ao Executivo para resolver quest\u00f5es como limpeza das bocas de lobo e desassoreamento dos c\u00f3rregos:<\/span><\/p>\n<p><span style=\"font-weight: 400;\">&#8220;O choque de limpeza \u00e9 necess\u00e1rio e urgente, porque depois da chuva vem a dengue&#8221;, salientando a complexidade da quest\u00e3o.<\/span><\/p>\n<p><span style=\"font-weight: 400;\">J\u00e1 o vereador Bejani Junior (PODE), sugeriu atrav\u00e9s de um Requerimento, que fosse agendada uma reuni\u00e3o junto \u00e0 Prefeitura, convocando a secret\u00e1ria de Governo, o subsecret\u00e1rio de Defesa Civil, o diretor da Empav, o secret\u00e1rio de Obras e o diretor do Demlurb para debater a situa\u00e7\u00e3o das fam\u00edlias atingidas pelas chuvas do \u00faltimo fim de semana:<\/span><\/p>\n<p><span style=\"font-weight: 400;\">&#8220;N\u00e3o adianta falar que o problema \u00e9 s\u00f3 tratado na seca, tem que ter um plano emergencial para agora, porque as fam\u00edlias est\u00e3o perdendo tudo&#8221;, contando que presenciou situa\u00e7\u00f5es extremas. &#8220;Crian\u00e7a que perdeu tudo, foi dormir na igreja, meia hora depois a igreja estava embaixo d&#8217;\u00e1gua. Tiveram que colocar entre 50 e 60 crian\u00e7as dormindo no altar&#8221;.<\/span><\/p>\n","protected":false},"excerpt":{"rendered":"<p>Por conta das fortes chuvas que atingiram o munic\u00edpio de Juiz de Fora, a Defesa Civil realizou vistorias pelos locais mais afetados pelo temporal. A demanda de ocorr\u00eancias atingiu a marca de 124 em menos de 48 horas, sendo 106 registradas apenas na segunda-feira (11). Das 18 ocorr\u00eancias registradas at\u00e9 a tarde desta ter\u00e7a-feira (12), [&hellip;]<\/p>\n","protected":false},"author":96,"featured_media":175898,"comment_status":"closed","ping_status":"closed","sticky":false,"template":"","format":"standard","meta":{"footnotes":""},"categories":[253,436,440,439],"tags":[],"class_list":["post-175880","post","type-post","status-publish","format-standard","has-post-thumbnail","hentry","category-cidade","category-destaque-da-semana","category-destaques-do-dia","category-ultima-hora"],"_links":{"self":[{"href":"https:\/\/diarioregionaldigital.com.br\/index.php?rest_route=\/wp\/v2\/posts\/175880","targetHints":{"allow":["GET"]}}],"collection":[{"href":"https:\/\/diarioregionaldigital.com.br\/index.php?rest_route=\/wp\/v2\/posts"}],"about":[{"href":"https:\/\/diarioregionaldigital.com.br\/index.php?rest_route=\/wp\/v2\/types\/post"}],"author":[{"embeddable":true,"href":"https:\/\/diarioregionaldigital.com.br\/index.php?rest_route=\/wp\/v2\/users\/96"}],"replies":[{"embeddable":true,"href":"https:\/\/diarioregionaldigital.com.br\/index.php?rest_route=%2Fwp%2Fv2%2Fcomments&post=175880"}],"version-history":[{"count":0,"href":"https:\/\/diarioregionaldigital.com.br\/index.php?rest_route=\/wp\/v2\/posts\/175880\/revisions"}],"wp:featuredmedia":[{"embeddable":true,"href":"https:\/\/diarioregionaldigital.com.br\/index.php?rest_route=\/wp\/v2\/media\/175898"}],"wp:attachment":[{"href":"https:\/\/diarioregionaldigital.com.br\/index.php?rest_route=%2Fwp%2Fv2%2Fmedia&parent=175880"}],"wp:term":[{"taxonomy":"category","embeddable":true,"href":"https:\/\/diarioregionaldigital.com.br\/index.php?rest_route=%2Fwp%2Fv2%2Fcategories&post=175880"},{"taxonomy":"post_tag","embeddable":true,"href":"https:\/\/diarioregionaldigital.com.br\/index.php?rest_route=%2Fwp%2Fv2%2Ftags&post=175880"}],"curies":[{"name":"wp","href":"https:\/\/api.w.org\/{rel}","templated":true}]}}