{"id":175849,"date":"2021-01-12T16:00:53","date_gmt":"2021-01-12T19:00:53","guid":{"rendered":"https:\/\/diarioregionaldigital.com.br\/?p=175849"},"modified":"2021-01-12T16:00:04","modified_gmt":"2021-01-12T19:00:04","slug":"futuro-secretario-de-turismo-marcelo-do-carmo-se-reune-com-representantes-do-setor-e-inicia-planejamento","status":"publish","type":"post","link":"https:\/\/diarioregionaldigital.com.br\/?p=175849","title":{"rendered":"Futuro secret\u00e1rio de Turismo, Marcelo do Carmo, se re\u00fane com representantes do setor e inicia planejamento"},"content":{"rendered":"<p>O futuro secret\u00e1rio Municipal de Turismo (Setur), Marcelo do Carmo, participou de uma reuni\u00e3o online na segunda-feira (11), com representantes do setor e apresentou planejamento para tratar a situa\u00e7\u00e3o durante a pandemia do Covid-19. O encontro faz parte da proposta da atual Administra\u00e7\u00e3o da Prefeitura de Juiz de Fora (PJF).<\/p>\n<p>Estiveram presentes Convention &amp; Visitors Bureau; Associa\u00e7\u00e3o Brasileira de Bares e Restaurantes (Abrasel Zona da Mata); Conselho Municipal de Turismo (Comtur JF); Sindicato do Com\u00e9rcio (Sindicom\u00e9rcio); Servi\u00e7o Brasileiro de Apoio \u00e0s Micro e Pequenas Empresas (Sebrae Minas); Servi\u00e7o Nacional de Aprendizagem Comercial (Senac); Universidade Federal de Juiz de Fora (UFJF); Circuito Tur\u00edstico Caminho Novo (CTCN); organizadores de eventos; Economia Criativa; Aeroclube de Juiz de Fora; Sindicato de Hot\u00e9is, Restaurantes, Bares e Similares de Juiz de Fora (SHRBSJF); Associa\u00e7\u00e3o Cultural e Recreativa Brasil-Alemanha; AMD Services; A\u00e7\u00e3o Brasil para o Turismo (Abraltur); Profissionais de sonoriza\u00e7\u00e3o de Juiz de Fora; Funda\u00e7\u00e3o Cultural Alfredo Ferreira Lage (Funalfa).<\/p>\n<p>Em diversas ocasi\u00f5es, Carmo destacou a necessidade de atua\u00e7\u00e3o integrada do trade. &#8220;No caso da pandemia, o setor de turismo \u00e9 o primeiro a ser impactado e o \u00faltimo a ser reaberto. Conhe\u00e7o de perto e sei dos desafios e inquieta\u00e7\u00f5es do setor. Gostaria que soubessem que a Prefeitura observa a situa\u00e7\u00e3o de maneira muito atenciosa. Dentro da Lei, j\u00e1 estamos trabalhando, e a realiza\u00e7\u00e3o desta reuni\u00e3o foi demandada pela prefeita, Margarida Salom\u00e3o, para diminuir ao m\u00e1ximo o que temos sofrido. Precisamos contar com todos, porque a retomada est\u00e1 diretamente ligada ao comportamento da popula\u00e7\u00e3o.&#8221;<\/p>\n<p>No encontro virtual, Marcelo apresentou a proposta preliminar de estrutura\u00e7\u00e3o da Secretaria, na qual prev\u00ea atua\u00e7\u00f5es em capta\u00e7\u00e3o de recursos e eventos, regionaliza\u00e7\u00e3o do destino, levantamento de dados e promo\u00e7\u00e3o e educa\u00e7\u00e3o para o Turismo:<\/p>\n<p>&#8220;O primeiro per\u00edodo ser\u00e1 de organiza\u00e7\u00e3o interna, defini\u00e7\u00e3o de fluxos e processos. Mas, n\u00e3o estamos come\u00e7ando do zero. Temos o Plano Municipal de Turismo pronto, um raio-x atual do setor na cidade. Tamb\u00e9m nos planos do primeiro semestre est\u00e1 a revis\u00e3o da proposta de marco regulat\u00f3rio do Turismo e do marco de eventos, que j\u00e1 est\u00e1 sendo discutido&#8221; destaca.<\/p>\n<p>Ele frisa tamb\u00e9m que algumas a\u00e7\u00f5es a serem feitas neste ano de 2021, depende do cen\u00e1rio da pandemia do Covid-19, bem como do estado de calamidade no Brasil e em Juiz de Fora:<\/p>\n<p>&#8220;O primeiro per\u00edodo ser\u00e1 de organiza\u00e7\u00e3o interna, defini\u00e7\u00e3o de fluxos e processos. Mas, n\u00e3o estamos come\u00e7ando do zero. Temos o Plano Municipal de Turismo pronto, um raio-x atual do setor na cidade. Tamb\u00e9m nos planos do primeiro semestre est\u00e1 a revis\u00e3o da proposta de marco regulat\u00f3rio do Turismo e do marco de eventos, que j\u00e1 est\u00e1 sendo discutido&#8221;.<\/p>\n<p>No planejamento do ano, est\u00e3o a\u00e7\u00f5es socioculturais em espa\u00e7os p\u00fablicos, envolvendo diversas pastas da Prefeitura; a atua\u00e7\u00e3o da secretaria em projetos de revitaliza\u00e7\u00e3o e requalifica\u00e7\u00e3o do Centro hist\u00f3rico e pontos tur\u00edsticos, como o Morro do Cristo e o Aeroporto Municipal; a melhoria do atendimento em equipamentos culturais; desburocratiza\u00e7\u00e3o de eventos; melhor aproveitamento de espa\u00e7os de realiza\u00e7\u00e3o de eventos, como o Expominas e pra\u00e7as, al\u00e9m da roteiriza\u00e7\u00e3o dos produtos tur\u00edsticos da cidade.<\/p>\n<p>Para o futuro chefe: \u201cA reuni\u00e3o foi extremamente produtiva com grande parte das entidades representadas, com direito de voz para todos e uma proposta desse primeiro ano de atividades. Saio bastante motivado e percebendo o interesse do setor para que o Turismo evolua e sobreviva no p\u00f3s-pandemia&#8221;, avalia Marcelo.<\/p>\n","protected":false},"excerpt":{"rendered":"<p>O futuro secret\u00e1rio Municipal de Turismo (Setur), Marcelo do Carmo, participou de uma reuni\u00e3o online na segunda-feira (11), com representantes do setor e apresentou planejamento para tratar a situa\u00e7\u00e3o durante a pandemia do Covid-19. O encontro faz parte da proposta da atual Administra\u00e7\u00e3o da Prefeitura de Juiz de Fora (PJF). Estiveram presentes Convention &amp; Visitors [&hellip;]<\/p>\n","protected":false},"author":96,"featured_media":175850,"comment_status":"closed","ping_status":"closed","sticky":false,"template":"","format":"standard","meta":{"footnotes":""},"categories":[436,440,254,439],"tags":[],"class_list":["post-175849","post","type-post","status-publish","format-standard","has-post-thumbnail","hentry","category-destaque-da-semana","category-destaques-do-dia","category-politica","category-ultima-hora"],"_links":{"self":[{"href":"https:\/\/diarioregionaldigital.com.br\/index.php?rest_route=\/wp\/v2\/posts\/175849","targetHints":{"allow":["GET"]}}],"collection":[{"href":"https:\/\/diarioregionaldigital.com.br\/index.php?rest_route=\/wp\/v2\/posts"}],"about":[{"href":"https:\/\/diarioregionaldigital.com.br\/index.php?rest_route=\/wp\/v2\/types\/post"}],"author":[{"embeddable":true,"href":"https:\/\/diarioregionaldigital.com.br\/index.php?rest_route=\/wp\/v2\/users\/96"}],"replies":[{"embeddable":true,"href":"https:\/\/diarioregionaldigital.com.br\/index.php?rest_route=%2Fwp%2Fv2%2Fcomments&post=175849"}],"version-history":[{"count":0,"href":"https:\/\/diarioregionaldigital.com.br\/index.php?rest_route=\/wp\/v2\/posts\/175849\/revisions"}],"wp:featuredmedia":[{"embeddable":true,"href":"https:\/\/diarioregionaldigital.com.br\/index.php?rest_route=\/wp\/v2\/media\/175850"}],"wp:attachment":[{"href":"https:\/\/diarioregionaldigital.com.br\/index.php?rest_route=%2Fwp%2Fv2%2Fmedia&parent=175849"}],"wp:term":[{"taxonomy":"category","embeddable":true,"href":"https:\/\/diarioregionaldigital.com.br\/index.php?rest_route=%2Fwp%2Fv2%2Fcategories&post=175849"},{"taxonomy":"post_tag","embeddable":true,"href":"https:\/\/diarioregionaldigital.com.br\/index.php?rest_route=%2Fwp%2Fv2%2Ftags&post=175849"}],"curies":[{"name":"wp","href":"https:\/\/api.w.org\/{rel}","templated":true}]}}