{"id":175641,"date":"2021-01-07T16:58:34","date_gmt":"2021-01-07T19:58:34","guid":{"rendered":"https:\/\/diarioregionaldigital.com.br\/?p=175641"},"modified":"2021-01-07T16:58:34","modified_gmt":"2021-01-07T19:58:34","slug":"prefeitura-anuncia-publicacao-do-edital-de-secretario-escolar","status":"publish","type":"post","link":"https:\/\/diarioregionaldigital.com.br\/?p=175641","title":{"rendered":"Prefeitura anuncia publica\u00e7\u00e3o do edital de secret\u00e1rio escolar"},"content":{"rendered":"<p><span style=\"font-weight: 400;\">A Prefeitura de Juiz de Fora (PJF) divulga nesta sexta-feira (8), o edital do processo seletivo para contrata\u00e7\u00e3o tempor\u00e1ria de secret\u00e1rio escolar para atua\u00e7\u00e3o nas unidades escolares e sede da Secretaria de Educa\u00e7\u00e3o de Juiz de Fora. A publica\u00e7\u00e3o do edital, sem restri\u00e7\u00f5es, foi confirmada pelos secret\u00e1rios de Educa\u00e7\u00e3o, N\u00e1dia Ribas, e de Administra\u00e7\u00e3o e Recursos Humanos, Rog\u00e9rio Freitas, conforme solicita\u00e7\u00e3o da categoria. As inscri\u00e7\u00f5es ocorrer\u00e3o entre os dias 11 e 15 de janeiro, exclusivamente pelo site da PJF. Para participar, o(a) candidato(a) deve possuir ensino m\u00e9dio com uma das seguintes habilita\u00e7\u00f5es: magist\u00e9rio, t\u00e9cnico em contabilidade, t\u00e9cnico em administra\u00e7\u00e3o, t\u00e9cnico em processamento de dados ou t\u00e9cnico em secretariado e\/ou registro de secret\u00e1rio de escola de 1\u00ba e 2\u00ba graus.<\/span><\/p>\n<p><span style=\"font-weight: 400;\">O objetivo \u00e9 a forma\u00e7\u00e3o de cadastro de profissionais para atua\u00e7\u00e3o nas Unidades Escolares e sede da Secretaria de Educa\u00e7\u00e3o de Juiz de Fora, mediante contrata\u00e7\u00e3o tempor\u00e1ria por excepcional interesse p\u00fablico. Os(as) candidatos(as) aprovado(as) ser\u00e3o convocados(as), com o surgimento de vagas, por ordem de classifica\u00e7\u00e3o.<\/span><\/p>\n<p><span style=\"font-weight: 400;\">A documenta\u00e7\u00e3o comprobat\u00f3ria dever\u00e1 ser encaminhada de forma digitalizada e exclusivamente por meio eletr\u00f4nico, atrav\u00e9s do link que ser\u00e1 disponibilizado na p\u00e1gina do edital no site da PJF, durante todo o per\u00edodo de inscri\u00e7\u00e3o. O edital refor\u00e7a que n\u00e3o ser\u00e1 permitido ao(\u00e0) candidato(a) reenviar a documenta\u00e7\u00e3o. Ap\u00f3s o primeiro envio, o sistema automaticamente bloquear\u00e1 a tentativa de reenvio de documentos do(a) mesmo(a) candidato(a).<\/span><\/p>\n<p><span style=\"font-weight: 400;\">Conforme o edital, a comprova\u00e7\u00e3o do efetivo exerc\u00edcio no cargo de Secret\u00e1rio Escolar nas Unidades Escolares municipais e sede da Secretaria de Educa\u00e7\u00e3o de Juiz de Fora ser\u00e1 verificada diretamente pela Banca Examinadora, n\u00e3o sendo necess\u00e1rio, portanto, o envio de certid\u00e3o de contagem de tempo emitida pela Prefeitura de Juiz de Fora. O edital completo poder\u00e1 ser conferido nesta sexta-feira, no Di\u00e1rio Oficial Eletr\u00f4nico do Munic\u00edpio (Atos do Governo).<\/span><\/p>\n<p><strong>Fonte:<\/strong> Assessoria<\/p>\n","protected":false},"excerpt":{"rendered":"<p>A Prefeitura de Juiz de Fora (PJF) divulga nesta sexta-feira (8), o edital do processo seletivo para contrata\u00e7\u00e3o tempor\u00e1ria de secret\u00e1rio escolar para atua\u00e7\u00e3o nas unidades escolares e sede da Secretaria de Educa\u00e7\u00e3o de Juiz de Fora. A publica\u00e7\u00e3o do edital, sem restri\u00e7\u00f5es, foi confirmada pelos secret\u00e1rios de Educa\u00e7\u00e3o, N\u00e1dia Ribas, e de Administra\u00e7\u00e3o e [&hellip;]<\/p>\n","protected":false},"author":96,"featured_media":175642,"comment_status":"closed","ping_status":"closed","sticky":false,"template":"","format":"standard","meta":{"footnotes":""},"categories":[253,436,439],"tags":[],"class_list":["post-175641","post","type-post","status-publish","format-standard","has-post-thumbnail","hentry","category-cidade","category-destaque-da-semana","category-ultima-hora"],"_links":{"self":[{"href":"https:\/\/diarioregionaldigital.com.br\/index.php?rest_route=\/wp\/v2\/posts\/175641","targetHints":{"allow":["GET"]}}],"collection":[{"href":"https:\/\/diarioregionaldigital.com.br\/index.php?rest_route=\/wp\/v2\/posts"}],"about":[{"href":"https:\/\/diarioregionaldigital.com.br\/index.php?rest_route=\/wp\/v2\/types\/post"}],"author":[{"embeddable":true,"href":"https:\/\/diarioregionaldigital.com.br\/index.php?rest_route=\/wp\/v2\/users\/96"}],"replies":[{"embeddable":true,"href":"https:\/\/diarioregionaldigital.com.br\/index.php?rest_route=%2Fwp%2Fv2%2Fcomments&post=175641"}],"version-history":[{"count":0,"href":"https:\/\/diarioregionaldigital.com.br\/index.php?rest_route=\/wp\/v2\/posts\/175641\/revisions"}],"wp:featuredmedia":[{"embeddable":true,"href":"https:\/\/diarioregionaldigital.com.br\/index.php?rest_route=\/wp\/v2\/media\/175642"}],"wp:attachment":[{"href":"https:\/\/diarioregionaldigital.com.br\/index.php?rest_route=%2Fwp%2Fv2%2Fmedia&parent=175641"}],"wp:term":[{"taxonomy":"category","embeddable":true,"href":"https:\/\/diarioregionaldigital.com.br\/index.php?rest_route=%2Fwp%2Fv2%2Fcategories&post=175641"},{"taxonomy":"post_tag","embeddable":true,"href":"https:\/\/diarioregionaldigital.com.br\/index.php?rest_route=%2Fwp%2Fv2%2Ftags&post=175641"}],"curies":[{"name":"wp","href":"https:\/\/api.w.org\/{rel}","templated":true}]}}