{"id":175554,"date":"2021-01-06T15:56:22","date_gmt":"2021-01-06T18:56:22","guid":{"rendered":"https:\/\/diarioregionaldigital.com.br\/?p=175554"},"modified":"2021-01-06T15:56:22","modified_gmt":"2021-01-06T18:56:22","slug":"provas-europeias-da-f1-podem-ter-horario-mais-cedo","status":"publish","type":"post","link":"https:\/\/diarioregionaldigital.com.br\/?p=175554","title":{"rendered":"Provas europeias da F1 podem ter hor\u00e1rio mais cedo"},"content":{"rendered":"<p><span style=\"font-weight: 400;\">A partir desta temporada 2021, as provas europeias da F1, podem ser realizadas em hor\u00e1rio mais cedo, passando de 15h para as tradicionais 14h, (09h00 no hor\u00e1rio de Bras\u00edlia). De acordo com o site <\/span><i><span style=\"font-weight: 400;\">Autosport, <\/span><\/i><span style=\"font-weight: 400;\">a nova mudan\u00e7a est\u00e1 em an\u00e1lise pelas equipes e deve ser aprovada pelos pr\u00f3ximos dias.<\/span><\/p>\n<p><span style=\"font-weight: 400;\">Em 2018, a Liberty Media (empresa detentora dos direitos da F1), havia alterado os hor\u00e1rios das corridas na Europa, com o objetivo de aumentar a audi\u00eancia televisiva pelo mundo e principalmente nos EUA, uma vez que os donos da categoria s\u00e3o americanos.<\/span><\/p>\n<p><span style=\"font-weight: 400;\">Al\u00e9m disso, foi estabelecido que haveria um per\u00edodo de 10 minutos a mais do previsto, antes dos carros fazerem a volta de apresenta\u00e7\u00e3o. A Liberty Media alegou na \u00e9poca que isso iria ajudar as emissoras no agendamento de sua programa\u00e7\u00e3o, antes da corrida come\u00e7ar.\u00a0<\/span><\/p>\n<p><span style=\"font-weight: 400;\">Naquela ocasi\u00e3o, a F1 publicou a seguinte nota: \u201c<\/span><span style=\"font-weight: 400;\">Algumas emissoras geralmente v\u00e3o ao ar precisamente na hora, perdendo assim a tens\u00e3o e a emo\u00e7\u00e3o que caracterizam os minutos antes do in\u00edcio de cada grande pr\u00eamio. Gra\u00e7as a essa mudan\u00e7a, os telespectadores ser\u00e3o trazidos mais perto das equipes e dos pilotos e desfrutar\u00e3o plenamente do espet\u00e1culo oferecido pouco antes das luzes vermelhas se apagarem.&#8221;<\/span><\/p>\n<p><span style=\"font-weight: 400;\">Apesar deste novo esquema ter trago benef\u00edcios \u00e0s televis\u00f5es, alguns torcedores apaixonados por velocidade e que frequentam os aut\u00f3dromos, n\u00e3o aprovaram tal mudan\u00e7a, bem como a ideia de acrescentar 10 minutos antes da largada.<\/span><\/p>\n","protected":false},"excerpt":{"rendered":"<p>A partir desta temporada 2021, as provas europeias da F1, podem ser realizadas em hor\u00e1rio mais cedo, passando de 15h para as tradicionais 14h, (09h00 no hor\u00e1rio de Bras\u00edlia). De acordo com o site Autosport, a nova mudan\u00e7a est\u00e1 em an\u00e1lise pelas equipes e deve ser aprovada pelos pr\u00f3ximos dias. Em 2018, a Liberty Media [&hellip;]<\/p>\n","protected":false},"author":96,"featured_media":175555,"comment_status":"closed","ping_status":"closed","sticky":false,"template":"","format":"standard","meta":{"footnotes":""},"categories":[436,257,439],"tags":[],"class_list":["post-175554","post","type-post","status-publish","format-standard","has-post-thumbnail","hentry","category-destaque-da-semana","category-esporte","category-ultima-hora"],"_links":{"self":[{"href":"https:\/\/diarioregionaldigital.com.br\/index.php?rest_route=\/wp\/v2\/posts\/175554","targetHints":{"allow":["GET"]}}],"collection":[{"href":"https:\/\/diarioregionaldigital.com.br\/index.php?rest_route=\/wp\/v2\/posts"}],"about":[{"href":"https:\/\/diarioregionaldigital.com.br\/index.php?rest_route=\/wp\/v2\/types\/post"}],"author":[{"embeddable":true,"href":"https:\/\/diarioregionaldigital.com.br\/index.php?rest_route=\/wp\/v2\/users\/96"}],"replies":[{"embeddable":true,"href":"https:\/\/diarioregionaldigital.com.br\/index.php?rest_route=%2Fwp%2Fv2%2Fcomments&post=175554"}],"version-history":[{"count":0,"href":"https:\/\/diarioregionaldigital.com.br\/index.php?rest_route=\/wp\/v2\/posts\/175554\/revisions"}],"wp:featuredmedia":[{"embeddable":true,"href":"https:\/\/diarioregionaldigital.com.br\/index.php?rest_route=\/wp\/v2\/media\/175555"}],"wp:attachment":[{"href":"https:\/\/diarioregionaldigital.com.br\/index.php?rest_route=%2Fwp%2Fv2%2Fmedia&parent=175554"}],"wp:term":[{"taxonomy":"category","embeddable":true,"href":"https:\/\/diarioregionaldigital.com.br\/index.php?rest_route=%2Fwp%2Fv2%2Fcategories&post=175554"},{"taxonomy":"post_tag","embeddable":true,"href":"https:\/\/diarioregionaldigital.com.br\/index.php?rest_route=%2Fwp%2Fv2%2Ftags&post=175554"}],"curies":[{"name":"wp","href":"https:\/\/api.w.org\/{rel}","templated":true}]}}