{"id":175424,"date":"2021-01-04T19:13:49","date_gmt":"2021-01-04T22:13:49","guid":{"rendered":"https:\/\/diarioregionaldigital.com.br\/?p=175424"},"modified":"2021-01-04T19:13:49","modified_gmt":"2021-01-04T22:13:49","slug":"morre-aos-68-anos-o-professor-jose-carlos-lordello-travassos-vitima-da-covid-19","status":"publish","type":"post","link":"https:\/\/diarioregionaldigital.com.br\/?p=175424","title":{"rendered":"Morre aos 68 anos, o professor Jos\u00e9 Carlos Lordello Travassos, v\u00edtima da Covid-19"},"content":{"rendered":"<p><span style=\"font-weight: 400;\">Morreu no domingo (3), aos 68 anos de idade, o professor de F\u00edsica, Jos\u00e9 Carlos Lordello Travassos, v\u00edtima do Coronav\u00edrus. Ele estava internado na Santa Casa de Miseric\u00f3rdia de Juiz de Fora.<\/span><\/p>\n<p><span style=\"font-weight: 400;\">Nascido no dia 19 de setembro de 1952, Jos\u00e9 Carlos tinha muita paix\u00e3o pela F\u00edsica, e durante sua carreira, trabalhou por muitos anos no Col\u00e9gio Polit\u00e9cnico Pio XII, segundo seu filho Guilherme Travassos:<\/span><\/p>\n<p><span style=\"font-weight: 400;\">\u201cMesmo antes de fazer faculdade de Matem\u00e1tica (muitos n\u00e3o sabiam que meu pai n\u00e3o era formado em F\u00edsica, apesar de ser sua paix\u00e3o), ele j\u00e1 dava aula no PIO XII em 1979, lugar onde permaneceu como professor durante toda sua vida profissional. Come\u00e7ou a dar aula no Conex\u00e3o no in\u00edcio do s\u00e9culo e permaneceu como professor at\u00e9 o fim de sua vida\u201d.\u00a0<\/span><\/p>\n<p><span style=\"font-weight: 400;\">Guilherme relembra sobre como o pai era dentro e fora de casa, e que estava sempre disposto em ajudar a todos ao seu redor: \u201cDentro de casa era uma pessoa sempre atenta a tudo que estava ao seu redor. Sempre prestativo e buscando realizar alguma tarefa dentro de casa, seja consertando alguma coisa, seja algo que pudesse ajudar a minha m\u00e3e. Sempre estava disposto a ajudar eu e minha irm\u00e3 com qualquer coisa, seja uma d\u00favida ou conselho, seja nos buscando no trabalho (no caso da minha irm\u00e3) ou em uma festa (quando \u00e9ramos mais novos), mesmo que fosse de madrugada. Ele era um super pai! Fora de casa, sempre foi muito da fam\u00edlia. Gostava muito de ir na feira da Avenida Brasil aos domingos\u201d.<\/span><\/p>\n<p><span style=\"font-weight: 400;\">Quanto ao legado deixado pelo pai, Guilherme conta que durante toda sua vida, Jos\u00e9 Carlos sempre registrava todos os momentos com uma c\u00e2mera fotogr\u00e1fica e tamb\u00e9m que era um professor da vida:<\/span><\/p>\n<p><span style=\"font-weight: 400;\">\u201cO legado que ele deixa \u00e9 praticamente tudo que os nossos olhos enxergam dentro da nossa casa. Todos os cantinhos tem o toque do meu pai. Al\u00e9m disso, pelos in\u00fameros ensinamentos, meu pai n\u00e3o era somente um professor de f\u00edsica, mas da vida. Mas o principal legado que ele nos deixa \u00e9 o de registrar os nossos momentos. Ele sempre estava com uma c\u00e2mera (mais atualmente o celular) nas m\u00e3os registrando todos os nossos momentos\u201d.<\/span><\/p>\n<p><span style=\"font-weight: 400;\">Para o professor de Biologia do Col\u00e9gio e Curso Conex\u00e3o, Felipe de Magalh\u00e3es, detalha sobre seu entrosamento com Jos\u00e9 Carlos,\u00a0 relembrando a amizade de longa data e tamb\u00e9m como pessoa:<\/span><\/p>\n<p><span style=\"font-weight: 400;\">\u201cConhecia ele h\u00e1 quase 20 anos. Trabalhamos juntos no Col\u00e9gio e Curso Compacto, Cursinho Atitude,\u00a0 Pr\u00e9 Universit\u00e1rio e no Conex\u00e3o. O Z\u00e9 era um professor incr\u00edvel, se preocupava muito com seus alunos, era extremamente met\u00f3dico, sempre era o primeiro a realizar qualquer atividade pedida pelo col\u00e9gio, adorava tecnologia, principalmente quando se tratava de smartphone, era um amigo \u00edmpar\u201d.<\/span><\/p>\n<p><span style=\"font-weight: 400;\">Felipe fala tamb\u00e9m sobre como Jos\u00e9 Carlos era dentro e fora da sala de aula: &#8220;Era um professor dedicado e competente. Fora de sala era um amigo animado, prestativo e principalmente orgulhoso da fam\u00edlia.\u00a0 Eu tive o prazer de conhec\u00ea -los e fui\u00a0 professor da sua filha no Conex\u00e3o\u201d conclui.\u00a0<\/span><\/p>\n<p><b>Nota do Pio XII<\/b><\/p>\n<p><i><span style=\"font-weight: 400;\">Hoje ficamos com um vazio no peito, sufocados com a partida do professor de F\u00edsica, Jos\u00e9 Carlos Lordello Travassos, v\u00edtima da batalha contra a COVID-19.<\/span><\/i><\/p>\n<p><i><span style=\"font-weight: 400;\">O Col\u00e9gio Pio XII perde um incans\u00e1vel, um estudioso inquieto e um colega disposto a pesquisar todos os fen\u00f4menos da f\u00edsica, nos fazendo pensar al\u00e9m das evid\u00eancias. Quem convivia com ele sabia o tanto que era um educador comprometido e preocupado com o seu of\u00edcio!<\/span><\/i><\/p>\n<p><i><span style=\"font-weight: 400;\">Como professor, era um pesquisador preocupado em fazer com que seus estudantes fossem al\u00e9m, entendendo que a F\u00edsica \u00e9 uma ci\u00eancia natural, sendo primordial para entender as intera\u00e7\u00f5es entre mat\u00e9ria e energia.<\/span><\/i><\/p>\n<p><i><span style=\"font-weight: 400;\">Toda a equipe do Col\u00e9gio Pio XII lamenta, e aproveita para homenagear este grande profissional que h\u00e1 mais de 30 anos se dedicou ao ensino de qualidade e somou esfor\u00e7os na educa\u00e7\u00e3o da nossa cidade.<\/span><\/i><\/p>\n<p><i><span style=\"font-weight: 400;\">Agradecemos pelos anos de dedica\u00e7\u00e3o e por tantos momentos compartilhados. Que Deus possa confortar todos os familiares, amigos e alunos neste momento!\u201d.<\/span><\/i><\/p>\n","protected":false},"excerpt":{"rendered":"<p>Morreu no domingo (3), aos 68 anos de idade, o professor de F\u00edsica, Jos\u00e9 Carlos Lordello Travassos, v\u00edtima do Coronav\u00edrus. Ele estava internado na Santa Casa de Miseric\u00f3rdia de Juiz de Fora. Nascido no dia 19 de setembro de 1952, Jos\u00e9 Carlos tinha muita paix\u00e3o pela F\u00edsica, e durante sua carreira, trabalhou por muitos anos [&hellip;]<\/p>\n","protected":false},"author":96,"featured_media":175433,"comment_status":"closed","ping_status":"closed","sticky":false,"template":"","format":"standard","meta":{"footnotes":""},"categories":[253,436,440,439],"tags":[],"class_list":["post-175424","post","type-post","status-publish","format-standard","has-post-thumbnail","hentry","category-cidade","category-destaque-da-semana","category-destaques-do-dia","category-ultima-hora"],"_links":{"self":[{"href":"https:\/\/diarioregionaldigital.com.br\/index.php?rest_route=\/wp\/v2\/posts\/175424","targetHints":{"allow":["GET"]}}],"collection":[{"href":"https:\/\/diarioregionaldigital.com.br\/index.php?rest_route=\/wp\/v2\/posts"}],"about":[{"href":"https:\/\/diarioregionaldigital.com.br\/index.php?rest_route=\/wp\/v2\/types\/post"}],"author":[{"embeddable":true,"href":"https:\/\/diarioregionaldigital.com.br\/index.php?rest_route=\/wp\/v2\/users\/96"}],"replies":[{"embeddable":true,"href":"https:\/\/diarioregionaldigital.com.br\/index.php?rest_route=%2Fwp%2Fv2%2Fcomments&post=175424"}],"version-history":[{"count":0,"href":"https:\/\/diarioregionaldigital.com.br\/index.php?rest_route=\/wp\/v2\/posts\/175424\/revisions"}],"wp:featuredmedia":[{"embeddable":true,"href":"https:\/\/diarioregionaldigital.com.br\/index.php?rest_route=\/wp\/v2\/media\/175433"}],"wp:attachment":[{"href":"https:\/\/diarioregionaldigital.com.br\/index.php?rest_route=%2Fwp%2Fv2%2Fmedia&parent=175424"}],"wp:term":[{"taxonomy":"category","embeddable":true,"href":"https:\/\/diarioregionaldigital.com.br\/index.php?rest_route=%2Fwp%2Fv2%2Fcategories&post=175424"},{"taxonomy":"post_tag","embeddable":true,"href":"https:\/\/diarioregionaldigital.com.br\/index.php?rest_route=%2Fwp%2Fv2%2Ftags&post=175424"}],"curies":[{"name":"wp","href":"https:\/\/api.w.org\/{rel}","templated":true}]}}