{"id":175403,"date":"2021-01-04T15:26:25","date_gmt":"2021-01-04T18:26:25","guid":{"rendered":"https:\/\/diarioregionaldigital.com.br\/?p=175403"},"modified":"2021-01-04T15:26:25","modified_gmt":"2021-01-04T18:26:25","slug":"prefeitura-suspende-nomeacao-de-patricia-veras-como-titular-da-settra","status":"publish","type":"post","link":"https:\/\/diarioregionaldigital.com.br\/?p=175403","title":{"rendered":"Prefeitura suspende nomea\u00e7\u00e3o de Patr\u00edcia Veras, como titular da Settra"},"content":{"rendered":"<p><span style=\"font-weight: 400;\">A Prefeitura de Juiz de Fora (PJF), suspendeu nesta segunda-feira (4), a nomea\u00e7\u00e3o de Patr\u00edcia Veras, como titular da Secretaria de Transporte e Tr\u00e2nsito (Settra), dois dias ap\u00f3s ter seu nome publicado no Di\u00e1rio Oficial Eletr\u00f4nico do Munic\u00edpio. Ela havia sido nomeada pela prefeita Margarida Salom\u00e3o (PT).<\/span><\/p>\n<p><span style=\"font-weight: 400;\">A indica\u00e7\u00e3o gerou supostas controv\u00e9rsias, uma vez que Patr\u00edcia responde por improbidade administrativa, referente \u00e0s contas no comando da Secretaria Municipal de Tr\u00e2nsito, Transportes e Mobilidade de Goi\u00e2nia, em 2013 e 2014, segundo informa\u00e7\u00f5es do Tribunal de Justi\u00e7a de Goi\u00e1s.<\/span><\/p>\n<p><span style=\"font-weight: 400;\">Naquela ocasi\u00e3o, outros cinco nomes foram citados pelo promotor de Justi\u00e7a Fernando Krebs Aurvalle, referente ao caso. Dentre eles, estava o nome de Patr\u00edcia. Al\u00e9m disso, as apura\u00e7\u00f5es apontam fraude em licita\u00e7\u00e3o, prevarica\u00e7\u00e3o e falsidade ideol\u00f3gica por parte dos investigados.<\/span><\/p>\n<p><span style=\"font-weight: 400;\">Em nota a Prefeitura explica que a suspens\u00e3o de Patr\u00edcia como titular da Settra, atendeu a todos os pressupostos da legalidade constitucional da Lei da Ficha Limpa. Entretanto, o prop\u00f3sito de compor uma equipe sobre a qual n\u00e3o paire d\u00favidas e nem suscite controv\u00e9rsias motivou a referida revoga\u00e7\u00e3o\u201d.<\/span><\/p>\n","protected":false},"excerpt":{"rendered":"<p>A Prefeitura de Juiz de Fora (PJF), suspendeu nesta segunda-feira (4), a nomea\u00e7\u00e3o de Patr\u00edcia Veras, como titular da Secretaria de Transporte e Tr\u00e2nsito (Settra), dois dias ap\u00f3s ter seu nome publicado no Di\u00e1rio Oficial Eletr\u00f4nico do Munic\u00edpio. Ela havia sido nomeada pela prefeita Margarida Salom\u00e3o (PT). A indica\u00e7\u00e3o gerou supostas controv\u00e9rsias, uma vez que [&hellip;]<\/p>\n","protected":false},"author":96,"featured_media":175404,"comment_status":"closed","ping_status":"closed","sticky":false,"template":"","format":"standard","meta":{"footnotes":""},"categories":[436,440,254,439],"tags":[],"class_list":["post-175403","post","type-post","status-publish","format-standard","has-post-thumbnail","hentry","category-destaque-da-semana","category-destaques-do-dia","category-politica","category-ultima-hora"],"_links":{"self":[{"href":"https:\/\/diarioregionaldigital.com.br\/index.php?rest_route=\/wp\/v2\/posts\/175403","targetHints":{"allow":["GET"]}}],"collection":[{"href":"https:\/\/diarioregionaldigital.com.br\/index.php?rest_route=\/wp\/v2\/posts"}],"about":[{"href":"https:\/\/diarioregionaldigital.com.br\/index.php?rest_route=\/wp\/v2\/types\/post"}],"author":[{"embeddable":true,"href":"https:\/\/diarioregionaldigital.com.br\/index.php?rest_route=\/wp\/v2\/users\/96"}],"replies":[{"embeddable":true,"href":"https:\/\/diarioregionaldigital.com.br\/index.php?rest_route=%2Fwp%2Fv2%2Fcomments&post=175403"}],"version-history":[{"count":0,"href":"https:\/\/diarioregionaldigital.com.br\/index.php?rest_route=\/wp\/v2\/posts\/175403\/revisions"}],"wp:featuredmedia":[{"embeddable":true,"href":"https:\/\/diarioregionaldigital.com.br\/index.php?rest_route=\/wp\/v2\/media\/175404"}],"wp:attachment":[{"href":"https:\/\/diarioregionaldigital.com.br\/index.php?rest_route=%2Fwp%2Fv2%2Fmedia&parent=175403"}],"wp:term":[{"taxonomy":"category","embeddable":true,"href":"https:\/\/diarioregionaldigital.com.br\/index.php?rest_route=%2Fwp%2Fv2%2Fcategories&post=175403"},{"taxonomy":"post_tag","embeddable":true,"href":"https:\/\/diarioregionaldigital.com.br\/index.php?rest_route=%2Fwp%2Fv2%2Ftags&post=175403"}],"curies":[{"name":"wp","href":"https:\/\/api.w.org\/{rel}","templated":true}]}}