{"id":175400,"date":"2021-01-04T14:49:59","date_gmt":"2021-01-04T17:49:59","guid":{"rendered":"https:\/\/diarioregionaldigital.com.br\/?p=175400"},"modified":"2021-01-04T14:49:59","modified_gmt":"2021-01-04T17:49:59","slug":"vereadores-dao-posse-a-prefeita-margarida-salomao-e-ao-vice-prefeito-kennedy-ribeiro-em-cerimonia-na-camara","status":"publish","type":"post","link":"https:\/\/diarioregionaldigital.com.br\/?p=175400","title":{"rendered":"Vereadores d\u00e3o posse \u00e0 prefeita Margarida Salom\u00e3o e ao vice-prefeito Kennedy Ribeiro em cerim\u00f4nia na C\u00e2mara"},"content":{"rendered":"<p><span style=\"font-weight: 400;\">Ap\u00f3s a elei\u00e7\u00e3o da nova Mesa Diretora, os 19 vereadores empossaram no \u00faltimo s\u00e1bado (2), a professora universit\u00e1ria\u00a0 Margarida Salom\u00e3o (PT) e o empres\u00e1rio Kennedy Ribeiro (PV) como prefeita e vice-prefeito de Juiz de Fora pelos pr\u00f3ximos quatro anos. A posse foi transmitida pela JFTV C\u00e2mara e, devido \u00e0s restri\u00e7\u00f5es sanit\u00e1rias determinadas pela pandemia, contou apenas com a presen\u00e7a dos vereadores, servidores da C\u00e2mara, autoridades do Executivo e, representando o Judici\u00e1rio, o Juiz de Direito Edir Guerson de Medeiros.\u00a0\u00a0<\/span><\/p>\n<p><span style=\"font-weight: 400;\">Margarida e Kennedy prometeram \u201cmanter, defender e cumprir a Lei Org\u00e2nica Municipal, observar as leis da Uni\u00e3o e do Estado, promover o bem geral dos mun\u00edcipes e exercer o cargo sob inspira\u00e7\u00e3o da democracia, da legitimidade e da legalidade\u201d e em seu primeiro discurso como prefeita, ela prestou solidariedade \u00e0s fam\u00edlias das v\u00edtimas da pandemia. \u201cEu quero, neste momento de tanta alegria, em que se inaugura um novo ano, um novo Governo, uma nova Legislatura, pedir licen\u00e7a para reconhecer a tristeza que nos envolve: nossa cidade pranteia 504 \u00f3bitos pela COVID-19 at\u00e9 o dia 31 de dezembro. Quero reverenciar a mem\u00f3ria de todas essas pessoas, manifestar como prefeita a solidariedade do munic\u00edpio \u00e0 dor de seus familiares, e reiterar que continuamos a enfrentar uma situa\u00e7\u00e3o sanit\u00e1ria muito grave\u201d, declarou.<\/span><\/p>\n<p><span style=\"font-weight: 400;\">\u201c\u00c9 neste contexto, de agravada dificuldade, que me torno prefeita. A primeira mulher na hist\u00f3ria da cidade a desempenhar essa honrad\u00edssima fun\u00e7\u00e3o. A primeira, espero eu, de muitas que me suceder\u00e3o e que poder\u00e3o contribuir com o munic\u00edpio com a riqueza das suas lutas e das suas hist\u00f3rias. E eu trago comigo as dores e as descobertas no desbravamento deste caminho que me tornou tamb\u00e9m a primeira mulher reitora da Universidade Federal de Juiz de Fora e a primeira mulher eleita deputada federal em Juiz de Fora\u201d, lembrando que a participa\u00e7\u00e3o das mulheres na vida p\u00fablica foi conquistada recentemente, h\u00e1 menos de um s\u00e9culo.<\/span><\/p>\n<p><span style=\"font-weight: 400;\">Margarida agradeceu o apoio recebido pela milit\u00e2ncia e lembrou que \u00e9 a primeira vez que o Partido dos Trabalhadores (PT) vai administrar a cidade. \u201cO legado petista de gest\u00f5es municipais inovadoras, internacionalmente reconhecidas, como s\u00e3o os casos de Porto Alegre, S\u00e3o Paulo, Fortaleza, Belo Horizonte, inspirou fortemente o nosso programa de governo\u201d, resgatando a ideia da cidade onde tudo \u00e9 para todos, com prioridade para a inclus\u00e3o social, sustentabilidade ambiental, novas oportunidades de trabalho e renda, expans\u00e3o da riqueza do munic\u00edpio no padr\u00e3o contempor\u00e2neo da economia do conhecimento.<\/span><\/p>\n<p><span style=\"font-weight: 400;\">A prefeita trouxe \u00e0 C\u00e2mara um projeto de lei que busca ajustar alguns cargos no Executivo e anunciou que o novo governo j\u00e1 come\u00e7a a administra\u00e7\u00e3o com medidas urgentes em tr\u00eas frentes. \u201cPrimeiro \u00e9 o Plano Municipal de Imuniza\u00e7\u00e3o contra a COVID, a vacina\u00e7\u00e3o a ser implementada com a m\u00e1xima brevidade. Outra coisa que vamos fazer \u00e9 um choque de zeladoria na nossa infraestrutura urbana, isso que n\u00f3s estamos chamando de Projeto Boniteza\u201d citando os estragos causados pela chuva, e &#8220;a terceira grande a\u00e7\u00e3o emergencial \u00e9 a a\u00e7\u00e3o de combate \u00e0 fome. Pelos dados que levantamos, tanto p\u00fablicos como de entidades assistenciais e religiosas, h\u00e1 mais de 18 mil fam\u00edlias na cidade passando fome e isso \u00e9 uma emerg\u00eancia eticamente intoler\u00e1vel\u201d, desabafou.<\/span><\/p>\n<p><span style=\"font-weight: 400;\">Margarida lembrou o desafio de restabelecer a confian\u00e7a popular na esfera p\u00fablica. \u201cVencer a desesperan\u00e7a e o desalento \u00e9 uma postura pol\u00edtica que eu entendo que deva ser fundada em quatro eixos: \u00e9tica e transpar\u00eancia; participa\u00e7\u00e3o da sociedade na tomada das decis\u00f5es; austeridade do governo nas suas a\u00e7\u00f5es e na sua representa\u00e7\u00e3o; o impacto das pol\u00edticas p\u00fablicas na vida das pessoas\u201d, citando ser essa a tarefa para qual est\u00e3o convocados todos os democratas. \u201cA cidade na elei\u00e7\u00e3o de 2020 escolheu o sonho de escrever uma nova hist\u00f3ria. \u00c9 nosso dever com humildade cumprir essa tarefa\u201d, finalizou.<\/span><\/p>\n<p><strong>Fonte:<\/strong> Assessoria<\/p>\n","protected":false},"excerpt":{"rendered":"<p>Ap\u00f3s a elei\u00e7\u00e3o da nova Mesa Diretora, os 19 vereadores empossaram no \u00faltimo s\u00e1bado (2), a professora universit\u00e1ria\u00a0 Margarida Salom\u00e3o (PT) e o empres\u00e1rio Kennedy Ribeiro (PV) como prefeita e vice-prefeito de Juiz de Fora pelos pr\u00f3ximos quatro anos. A posse foi transmitida pela JFTV C\u00e2mara e, devido \u00e0s restri\u00e7\u00f5es sanit\u00e1rias determinadas pela pandemia, contou [&hellip;]<\/p>\n","protected":false},"author":96,"featured_media":175401,"comment_status":"closed","ping_status":"closed","sticky":false,"template":"","format":"standard","meta":{"footnotes":""},"categories":[436,440,254,439],"tags":[],"class_list":["post-175400","post","type-post","status-publish","format-standard","has-post-thumbnail","hentry","category-destaque-da-semana","category-destaques-do-dia","category-politica","category-ultima-hora"],"_links":{"self":[{"href":"https:\/\/diarioregionaldigital.com.br\/index.php?rest_route=\/wp\/v2\/posts\/175400","targetHints":{"allow":["GET"]}}],"collection":[{"href":"https:\/\/diarioregionaldigital.com.br\/index.php?rest_route=\/wp\/v2\/posts"}],"about":[{"href":"https:\/\/diarioregionaldigital.com.br\/index.php?rest_route=\/wp\/v2\/types\/post"}],"author":[{"embeddable":true,"href":"https:\/\/diarioregionaldigital.com.br\/index.php?rest_route=\/wp\/v2\/users\/96"}],"replies":[{"embeddable":true,"href":"https:\/\/diarioregionaldigital.com.br\/index.php?rest_route=%2Fwp%2Fv2%2Fcomments&post=175400"}],"version-history":[{"count":0,"href":"https:\/\/diarioregionaldigital.com.br\/index.php?rest_route=\/wp\/v2\/posts\/175400\/revisions"}],"wp:featuredmedia":[{"embeddable":true,"href":"https:\/\/diarioregionaldigital.com.br\/index.php?rest_route=\/wp\/v2\/media\/175401"}],"wp:attachment":[{"href":"https:\/\/diarioregionaldigital.com.br\/index.php?rest_route=%2Fwp%2Fv2%2Fmedia&parent=175400"}],"wp:term":[{"taxonomy":"category","embeddable":true,"href":"https:\/\/diarioregionaldigital.com.br\/index.php?rest_route=%2Fwp%2Fv2%2Fcategories&post=175400"},{"taxonomy":"post_tag","embeddable":true,"href":"https:\/\/diarioregionaldigital.com.br\/index.php?rest_route=%2Fwp%2Fv2%2Ftags&post=175400"}],"curies":[{"name":"wp","href":"https:\/\/api.w.org\/{rel}","templated":true}]}}