{"id":175397,"date":"2021-01-04T14:45:00","date_gmt":"2021-01-04T17:45:00","guid":{"rendered":"https:\/\/diarioregionaldigital.com.br\/?p=175397"},"modified":"2021-01-04T14:45:00","modified_gmt":"2021-01-04T17:45:00","slug":"mercado-preve-que-inflacao-pelo-ipca-ficara-em-438-em-2020","status":"publish","type":"post","link":"https:\/\/diarioregionaldigital.com.br\/?p=175397","title":{"rendered":"Mercado prev\u00ea que infla\u00e7\u00e3o pelo IPCA ficar\u00e1 em 4,38% em 2020"},"content":{"rendered":"<p><span style=\"font-weight: 400;\">O Banco Central (BC) baixou de 4,39% para 4,38% a estimativa do \u00cdndice Nacional de Pre\u00e7os ao Consumidor Amplo (IPCA) para 2020, segundo informa\u00e7\u00f5es do boletim Focus divulgado nessa segunda-feira (4). Com periodicidade semanal, o documento re\u00fane as proje\u00e7\u00f5es para os principais indicadores da economia.<\/span><\/p>\n<p><span style=\"font-weight: 400;\">O indicador ultrapassa o centro da meta de infla\u00e7\u00e3o, definida pelo Conselho Monet\u00e1rio Nacional de 4%. Contudo, se considerada a margem de 1,5 ponto percentual para cima ou para baixo, o \u00edndice, por\u00e9m, permanece dentro da meta, j\u00e1 que pode variar de 2,5% a 5,5%.<\/span><\/p>\n<p><span style=\"font-weight: 400;\">A proje\u00e7\u00e3o para 2021 tamb\u00e9m foi reduzida, pela segunda semana consecutiva, de 3,34% para 3,32%. J\u00e1 o \u00edndice esperado para 2022 e 2023 permaneceu inalterado, de 3,50% e 3,25%, respectivamente.<\/span><\/p>\n<p><span style=\"font-weight: 400;\">Outro par\u00e2metro adotado pelo mercado financeiro \u00e9 a taxa b\u00e1sica de juros, a Selic, que consiste no principal instrumento usado pelo BC para alcan\u00e7ar a meta de infla\u00e7\u00e3o. Nesta edi\u00e7\u00e3o, a taxa prevista para 2021 foi diminu\u00edda de 3,13% para 3%. Quanto a 2022 e 2023, a expectativa \u00e9 de que seja de 4,5% e 6%, respectivamente.<\/span><\/p>\n<p><span style=\"font-weight: 400;\">No dia 9 de dezembro, o Comit\u00ea de Pol\u00edtica Monet\u00e1ria (Copom) do BC anunciou a decis\u00e3o, tomada em unanimidade, de manter a Selic em 2% ao ano. A redu\u00e7\u00e3o da Selic favorece o barateamento do cr\u00e9dito e leva a um menor controle da infla\u00e7\u00e3o, o que estimula a produ\u00e7\u00e3o e o consumo. Apesar disso, os bancos consideram tamb\u00e9m outros fatores na hora de definir os juros cobrados dos consumidores, como o risco de inadimpl\u00eancia, a margem de lucro e despesas administrativas.<\/span><\/p>\n<p><span style=\"font-weight: 400;\">Quando o Copom aumenta a taxa b\u00e1sica de juros, a finalidade \u00e9 conter a demanda aquecida, e isso causa reflexos nos pre\u00e7os porque os juros mais altos encarecem o cr\u00e9dito e estimulam a poupan\u00e7a. Quando a Selic \u00e9 mantida, o comit\u00ea considera que ajustes anteriores foram suficientes para manter a infla\u00e7\u00e3o sob controle.<\/span><\/p>\n<p><b>Atividade econ\u00f4mica e d\u00f3lar<\/b><\/p>\n<p><span style=\"font-weight: 400;\">O mercado financeiro atualizou de 4,40% para 4,36% o valor referente \u00e0 retra\u00e7\u00e3o da economia em 2020, mensurada a partir do Produto Interno Bruto (PIB), que resulta da soma de todas as riquezas do pa\u00eds. Quanto a este ano, a revis\u00e3o foi de 3,49% para 3,40%. Para os anos de 2022 e 2023, manteve em 2,50%.<\/span><\/p>\n<p><span style=\"font-weight: 400;\">Ainda segundo o boletim Focus, a cota\u00e7\u00e3o do d\u00f3lar para 2021 foi mantida em R$ 5,00. O valor estimado para 2022, por sua vez, foi reduzido de R$ 4,55 para R$ 4,50.<\/span><\/p>\n<p><strong>Fonte:<\/strong> Ag\u00eancia Brasil<\/p>\n","protected":false},"excerpt":{"rendered":"<p>O Banco Central (BC) baixou de 4,39% para 4,38% a estimativa do \u00cdndice Nacional de Pre\u00e7os ao Consumidor Amplo (IPCA) para 2020, segundo informa\u00e7\u00f5es do boletim Focus divulgado nessa segunda-feira (4). Com periodicidade semanal, o documento re\u00fane as proje\u00e7\u00f5es para os principais indicadores da economia. O indicador ultrapassa o centro da meta de infla\u00e7\u00e3o, definida [&hellip;]<\/p>\n","protected":false},"author":96,"featured_media":175398,"comment_status":"closed","ping_status":"closed","sticky":false,"template":"","format":"standard","meta":{"footnotes":""},"categories":[436,261,439],"tags":[],"class_list":["post-175397","post","type-post","status-publish","format-standard","has-post-thumbnail","hentry","category-destaque-da-semana","category-economia","category-ultima-hora"],"_links":{"self":[{"href":"https:\/\/diarioregionaldigital.com.br\/index.php?rest_route=\/wp\/v2\/posts\/175397","targetHints":{"allow":["GET"]}}],"collection":[{"href":"https:\/\/diarioregionaldigital.com.br\/index.php?rest_route=\/wp\/v2\/posts"}],"about":[{"href":"https:\/\/diarioregionaldigital.com.br\/index.php?rest_route=\/wp\/v2\/types\/post"}],"author":[{"embeddable":true,"href":"https:\/\/diarioregionaldigital.com.br\/index.php?rest_route=\/wp\/v2\/users\/96"}],"replies":[{"embeddable":true,"href":"https:\/\/diarioregionaldigital.com.br\/index.php?rest_route=%2Fwp%2Fv2%2Fcomments&post=175397"}],"version-history":[{"count":0,"href":"https:\/\/diarioregionaldigital.com.br\/index.php?rest_route=\/wp\/v2\/posts\/175397\/revisions"}],"wp:featuredmedia":[{"embeddable":true,"href":"https:\/\/diarioregionaldigital.com.br\/index.php?rest_route=\/wp\/v2\/media\/175398"}],"wp:attachment":[{"href":"https:\/\/diarioregionaldigital.com.br\/index.php?rest_route=%2Fwp%2Fv2%2Fmedia&parent=175397"}],"wp:term":[{"taxonomy":"category","embeddable":true,"href":"https:\/\/diarioregionaldigital.com.br\/index.php?rest_route=%2Fwp%2Fv2%2Fcategories&post=175397"},{"taxonomy":"post_tag","embeddable":true,"href":"https:\/\/diarioregionaldigital.com.br\/index.php?rest_route=%2Fwp%2Fv2%2Ftags&post=175397"}],"curies":[{"name":"wp","href":"https:\/\/api.w.org\/{rel}","templated":true}]}}