{"id":175392,"date":"2021-01-04T14:17:28","date_gmt":"2021-01-04T17:17:28","guid":{"rendered":"https:\/\/diarioregionaldigital.com.br\/?p=175392"},"modified":"2021-01-04T14:17:28","modified_gmt":"2021-01-04T17:17:28","slug":"covid-19-estado-tem-552-104-casos-confirmados-e-12-063-mortes","status":"publish","type":"post","link":"https:\/\/diarioregionaldigital.com.br\/?p=175392","title":{"rendered":"Covid-19: Estado tem 552.104 casos confirmados e 12.063 mortes"},"content":{"rendered":"<p>O novo\u00a0<a href=\"https:\/\/www.saude.mg.gov.br\/images\/1_noticias\/09_2021\/01_jan-fev-marc\/04-01_Boletim_Epidemiologico_COVID-19.pdf\">boletim epidemiol\u00f3gico<\/a> publicado nesta segunda-feira (4), pela Secretaria de Estado da Sa\u00fade de Minas Gerais (SES-MG), informa que nas \u00faltimas 24h, o estado registrou mais 1.432 novos casos por Coronav\u00edrus, totalizando 552.104. Conforme o levantamento, foram contabilizados 26 mortes, acumulando 12.063 \u00f3bitos.<\/p>\n<p>Al\u00e9m disso, 498.063 pacientes est\u00e3o recuperados da doen\u00e7a, representando 90,21% dos casos. Quanto aos dados de hospitaliza\u00e7\u00e3o, 47.708 pacientes est\u00e3o internados e 504.396 est\u00e3o em isolamento domiciliar.<\/p>\n","protected":false},"excerpt":{"rendered":"<p>O novo\u00a0boletim epidemiol\u00f3gico publicado nesta segunda-feira (4), pela Secretaria de Estado da Sa\u00fade de Minas Gerais (SES-MG), informa que nas \u00faltimas 24h, o estado registrou mais 1.432 novos casos por Coronav\u00edrus, totalizando 552.104. Conforme o levantamento, foram contabilizados 26 mortes, acumulando 12.063 \u00f3bitos. Al\u00e9m disso, 498.063 pacientes est\u00e3o recuperados da doen\u00e7a, representando 90,21% dos casos. [&hellip;]<\/p>\n","protected":false},"author":96,"featured_media":165559,"comment_status":"closed","ping_status":"closed","sticky":false,"template":"","format":"standard","meta":{"footnotes":""},"categories":[436,440,252,439],"tags":[],"class_list":["post-175392","post","type-post","status-publish","format-standard","has-post-thumbnail","hentry","category-destaque-da-semana","category-destaques-do-dia","category-regiao","category-ultima-hora"],"_links":{"self":[{"href":"https:\/\/diarioregionaldigital.com.br\/index.php?rest_route=\/wp\/v2\/posts\/175392","targetHints":{"allow":["GET"]}}],"collection":[{"href":"https:\/\/diarioregionaldigital.com.br\/index.php?rest_route=\/wp\/v2\/posts"}],"about":[{"href":"https:\/\/diarioregionaldigital.com.br\/index.php?rest_route=\/wp\/v2\/types\/post"}],"author":[{"embeddable":true,"href":"https:\/\/diarioregionaldigital.com.br\/index.php?rest_route=\/wp\/v2\/users\/96"}],"replies":[{"embeddable":true,"href":"https:\/\/diarioregionaldigital.com.br\/index.php?rest_route=%2Fwp%2Fv2%2Fcomments&post=175392"}],"version-history":[{"count":0,"href":"https:\/\/diarioregionaldigital.com.br\/index.php?rest_route=\/wp\/v2\/posts\/175392\/revisions"}],"wp:featuredmedia":[{"embeddable":true,"href":"https:\/\/diarioregionaldigital.com.br\/index.php?rest_route=\/wp\/v2\/media\/165559"}],"wp:attachment":[{"href":"https:\/\/diarioregionaldigital.com.br\/index.php?rest_route=%2Fwp%2Fv2%2Fmedia&parent=175392"}],"wp:term":[{"taxonomy":"category","embeddable":true,"href":"https:\/\/diarioregionaldigital.com.br\/index.php?rest_route=%2Fwp%2Fv2%2Fcategories&post=175392"},{"taxonomy":"post_tag","embeddable":true,"href":"https:\/\/diarioregionaldigital.com.br\/index.php?rest_route=%2Fwp%2Fv2%2Ftags&post=175392"}],"curies":[{"name":"wp","href":"https:\/\/api.w.org\/{rel}","templated":true}]}}