{"id":175390,"date":"2020-12-30T12:15:36","date_gmt":"2020-12-30T15:15:36","guid":{"rendered":"https:\/\/diarioregionaldigital.com.br\/?p=175390"},"modified":"2021-01-05T01:59:30","modified_gmt":"2021-01-05T04:59:30","slug":"sindicato-dos-trabalhadores-na-industria-de-energia-eletrica-jf-30-12-2020","status":"publish","type":"post","link":"https:\/\/diarioregionaldigital.com.br\/?p=175390","title":{"rendered":"Sindicato dos Trabalhadores na Ind\u00fastria de Energia El\u00e9trica JF &#8211; 05\/01\/2021"},"content":{"rendered":"<p style=\"text-align: center;\"><strong><u>EDITAL DE DIVULGA\u00c7\u00c3O DE INSCRI\u00c7\u00c3O DE CHAPA PARA O SINDICATO DOS TRABALHADORES NA IND\u00daSTRIA DE ENERGIA EL\u00c9TRICA DE JUIZ DE FORA <\/u><\/strong><\/p>\n<p style=\"text-align: center;\">Tornando p\u00fablico aos associados desta entidade, o resultado de inscri\u00e7\u00e3o de chapa \u00fanica para elei\u00e7\u00e3o referente \u00e0s elei\u00e7\u00f5es ao quadri\u00eanio janeiro de 2021 a dezembro de 2024, fica ratificado conforme EDITAL publicado no dia 20 de dezembro de 2020 no DI\u00c1RIO REGIONAL. N\u00e3o havendo chapa concorrente, e a pedido de chapa \u00fanica, o que ocorreu, conforme estatuto os presentes na Assembleia Geral j\u00e1 convocada para o dia 08 de janeiro de 2021, no referido edital \u00e0s 17h45, com a presen\u00e7a de 50% mais um em primeira chamada e segunda chamada \u00e0s 18 horas com qualquer n\u00famero de associados, aclama\u00e7\u00e3o a chapa \u00fanica, com os seguintes nomes: &#8211; Omar Jos\u00e9 dos Santos, Jos\u00e9 Emanuel Esteves de Oliveira, Jo\u00e3o Pedro Martins, Mauro Halle Najm, Fernando C\u00e9lio Moreira , Wendel Renato Pereira Braga, Vinicius Andre Rezende de Melo, Alexandre Magno Nogueira, Thiago Cristian Teixeira de Carvalho, Jonathan de Castro Carneiro, Tadeu Pereira de Souza, Luciano Magela, Flaviano Augusto Titonelli Pinto, Sim\u00e3o Pedro Magalh\u00e3es de Souza, Helio Geraldo Pereira, Fernando Rocha de Freitas, Rafael Arruda Duarte, Antonio Jos\u00e9 Lima Pedro, Newton Ant\u00f4nio Motta, Reginaldo Jos\u00e8 dos Santos Magalhaes, Moises Vieira de Souza, \u00cdcaro de Miranda S\u00e1 Andrade, Diego Segregio de Abreu.<\/p>\n<p style=\"text-align: center;\"><strong>Pelo Sindicato dos Trabalhadores na Ind\u00fastria de Energia El\u00e9trica de Juiz de Fora.\u00a0<\/strong><\/p>\n<p style=\"text-align: center;\"><strong>Jos\u00e9 Emanuel Esteves de Oliveira &#8211; presidente<\/strong><\/p>\n<p style=\"text-align: center;\"><strong>Juiz de Fora 30\/12\/2020<\/strong><\/p>\n","protected":false},"excerpt":{"rendered":"<p>EDITAL DE DIVULGA\u00c7\u00c3O DE INSCRI\u00c7\u00c3O DE CHAPA PARA O SINDICATO DOS TRABALHADORES NA IND\u00daSTRIA DE ENERGIA EL\u00c9TRICA DE JUIZ DE FORA Tornando p\u00fablico aos associados desta entidade, o resultado de inscri\u00e7\u00e3o de chapa \u00fanica para elei\u00e7\u00e3o referente \u00e0s elei\u00e7\u00f5es ao quadri\u00eanio janeiro de 2021 a dezembro de 2024, fica ratificado conforme EDITAL publicado no dia [&hellip;]<\/p>\n","protected":false},"author":96,"featured_media":0,"comment_status":"closed","ping_status":"closed","sticky":false,"template":"","format":"standard","meta":{"footnotes":""},"categories":[307],"tags":[],"class_list":["post-175390","post","type-post","status-publish","format-standard","hentry","category-editais"],"_links":{"self":[{"href":"https:\/\/diarioregionaldigital.com.br\/index.php?rest_route=\/wp\/v2\/posts\/175390","targetHints":{"allow":["GET"]}}],"collection":[{"href":"https:\/\/diarioregionaldigital.com.br\/index.php?rest_route=\/wp\/v2\/posts"}],"about":[{"href":"https:\/\/diarioregionaldigital.com.br\/index.php?rest_route=\/wp\/v2\/types\/post"}],"author":[{"embeddable":true,"href":"https:\/\/diarioregionaldigital.com.br\/index.php?rest_route=\/wp\/v2\/users\/96"}],"replies":[{"embeddable":true,"href":"https:\/\/diarioregionaldigital.com.br\/index.php?rest_route=%2Fwp%2Fv2%2Fcomments&post=175390"}],"version-history":[{"count":0,"href":"https:\/\/diarioregionaldigital.com.br\/index.php?rest_route=\/wp\/v2\/posts\/175390\/revisions"}],"wp:attachment":[{"href":"https:\/\/diarioregionaldigital.com.br\/index.php?rest_route=%2Fwp%2Fv2%2Fmedia&parent=175390"}],"wp:term":[{"taxonomy":"category","embeddable":true,"href":"https:\/\/diarioregionaldigital.com.br\/index.php?rest_route=%2Fwp%2Fv2%2Fcategories&post=175390"},{"taxonomy":"post_tag","embeddable":true,"href":"https:\/\/diarioregionaldigital.com.br\/index.php?rest_route=%2Fwp%2Fv2%2Ftags&post=175390"}],"curies":[{"name":"wp","href":"https:\/\/api.w.org\/{rel}","templated":true}]}}