{"id":175386,"date":"2020-12-27T00:10:11","date_gmt":"2020-12-27T03:10:11","guid":{"rendered":"https:\/\/diarioregionaldigital.com.br\/?p=175386"},"modified":"2020-12-26T21:45:15","modified_gmt":"2020-12-27T00:45:15","slug":"2020-reflexivo","status":"publish","type":"post","link":"https:\/\/diarioregionaldigital.com.br\/?p=175386","title":{"rendered":"2020 REFLEXIVO"},"content":{"rendered":"<p>Chegamos ao fim de mais um ano, 2020 em especial nos marcar\u00e1 profundamente. O mundo parou, nos isolamos de quem amamos, passamos a olhar nossas rela\u00e7\u00f5es com o trabalho, estudo e casa de uma nova maneira. Sem contar que tivemos que nos reinventar para os encontros e a forma de entretenimento.<\/p>\n<p>A arte e a m\u00fasica nos preencheram e alimentaram nossos cora\u00e7\u00f5es de esperan\u00e7a. O abra\u00e7o nunca teve tanto valor para n\u00f3s. Amadurecemos e entendemos que a maneira como nos relacionamos com o planeta precisa ser revisto.<\/p>\n<p>Tivemos perdas e entendemos que a colabora\u00e7\u00e3o e a empatia \u00e9 o caminho.<\/p>\n<p>Desse ano, apesar de tudo, levo muito aprendizado. Desejo a voc\u00ea que tenha esperan\u00e7a e acredite que dias melhores vir\u00e3o!<\/p>\n<p>Que venha 2021!<\/p>\n<p>Fiquem bem e proteja quem voc\u00ea ama.<\/p>\n<p>&nbsp;<\/p>\n<p><a href=\"https:\/\/diarioregionaldigital.com.br\/wp-content\/uploads\/2020\/12\/diario-pagina-06-33.pdf\">CLIQUE AQUI PARA LER A COLUNA COMPLETA<\/a><\/p>\n","protected":false},"excerpt":{"rendered":"<p>Chegamos ao fim de mais um ano, 2020 em especial nos marcar\u00e1 profundamente. O mundo parou, nos isolamos de quem amamos, passamos a olhar nossas rela\u00e7\u00f5es com o trabalho, estudo e casa de uma nova maneira. Sem contar que tivemos que nos reinventar para os encontros e a forma de entretenimento. A arte e a [&hellip;]<\/p>\n","protected":false},"author":96,"featured_media":175387,"comment_status":"closed","ping_status":"closed","sticky":false,"template":"","format":"standard","meta":{"footnotes":""},"categories":[1230],"tags":[],"class_list":["post-175386","post","type-post","status-publish","format-standard","has-post-thumbnail","hentry","category-moda-maria-carolina"],"_links":{"self":[{"href":"https:\/\/diarioregionaldigital.com.br\/index.php?rest_route=\/wp\/v2\/posts\/175386","targetHints":{"allow":["GET"]}}],"collection":[{"href":"https:\/\/diarioregionaldigital.com.br\/index.php?rest_route=\/wp\/v2\/posts"}],"about":[{"href":"https:\/\/diarioregionaldigital.com.br\/index.php?rest_route=\/wp\/v2\/types\/post"}],"author":[{"embeddable":true,"href":"https:\/\/diarioregionaldigital.com.br\/index.php?rest_route=\/wp\/v2\/users\/96"}],"replies":[{"embeddable":true,"href":"https:\/\/diarioregionaldigital.com.br\/index.php?rest_route=%2Fwp%2Fv2%2Fcomments&post=175386"}],"version-history":[{"count":0,"href":"https:\/\/diarioregionaldigital.com.br\/index.php?rest_route=\/wp\/v2\/posts\/175386\/revisions"}],"wp:featuredmedia":[{"embeddable":true,"href":"https:\/\/diarioregionaldigital.com.br\/index.php?rest_route=\/wp\/v2\/media\/175387"}],"wp:attachment":[{"href":"https:\/\/diarioregionaldigital.com.br\/index.php?rest_route=%2Fwp%2Fv2%2Fmedia&parent=175386"}],"wp:term":[{"taxonomy":"category","embeddable":true,"href":"https:\/\/diarioregionaldigital.com.br\/index.php?rest_route=%2Fwp%2Fv2%2Fcategories&post=175386"},{"taxonomy":"post_tag","embeddable":true,"href":"https:\/\/diarioregionaldigital.com.br\/index.php?rest_route=%2Fwp%2Fv2%2Ftags&post=175386"}],"curies":[{"name":"wp","href":"https:\/\/api.w.org\/{rel}","templated":true}]}}