{"id":175379,"date":"2020-12-24T06:00:11","date_gmt":"2020-12-24T09:00:11","guid":{"rendered":"https:\/\/diarioregionaldigital.com.br\/?p=175379"},"modified":"2020-12-22T19:28:02","modified_gmt":"2020-12-22T22:28:02","slug":"luzes-de-natal","status":"publish","type":"post","link":"https:\/\/diarioregionaldigital.com.br\/?p=175379","title":{"rendered":"Luzes de Natal"},"content":{"rendered":"<p style=\"text-align: center;\"><strong>Dossi\u00ea<\/strong><\/p>\n<p style=\"text-align: center;\">A ci\u00eancia vem descobrindo uma nova esp\u00e9cie animal ou vegetal na Amaz\u00f4nia a cada dois dias Botar a natureza abaixo antes mesmo de conhec\u00ea-la \u00e9 como apagar um idioma ex\u00f3tico.<\/p>\n<p style=\"text-align: center;\"><strong>Que seja doce<\/strong><\/p>\n<p style=\"text-align: center;\">Sobremesas para o Natal diferenciadas re\u00fane potinhos de ovos moles, panetones da Chang\u00ea, docinhos de Rose Tortoriello, bolo de massa fofinha com am\u00eandoas de Erika Stephan, e rabanadas da Padaria Lisboa<\/p>\n<p style=\"text-align: center;\"><strong>Presente<\/strong><\/p>\n<p style=\"text-align: center;\">No Natal est\u00e1 em alta presentear com: bolsa Dolce &amp; Gabbana quadros de Wesley Monteiro, vinhos da Garrafaria Chocolates da Chang\u00ea, brincos by Candy, camisas da M.Marques, perfumes Natura e Dim-Dim.<\/p>\n<p style=\"text-align: center;\"><strong>Suave<\/strong><\/p>\n<p style=\"text-align: center;\">Para a Ceia de Natal para poucas pessoas inove servindo tartare de atum com azeite, crudo de peixe com gastrique de melancia e castanhas do Par\u00e1 e ceviche com emuls\u00e3o de batata doce roxa e espuma de abacate.<\/p>\n<p style=\"text-align: center;\"><strong>Favoritos<\/strong><\/p>\n<p style=\"text-align: center;\">Nunca em Juiz de Fora houve tamanha manifesta\u00e7\u00e3o favor\u00e1vel quanto a indica\u00e7\u00e3o pela prefeitura eleita de Juiz de Fora, Margarida Salom\u00e3o para os cargos da Funda\u00e7\u00e3o Cultural Alfredo Ferreira Laje (Funalfa) para a Mestre em Educa\u00e7\u00e3o, Giane Elisa e para a Secretaria de Comunica\u00e7\u00e3o P\u00fablica , para o doutor em comunica\u00e7\u00e3o, M\u00e1rcio Guerra. Aplausos.<\/p>\n<p style=\"text-align: center;\"><span style=\"font-size: 14pt;\"><strong>Luzes de Natal<\/strong><\/span><\/p>\n<p style=\"text-align: center;\">Nossa vida \u00e9 terreno para experi\u00eancia de contato, aproxima\u00e7\u00e3o, conv\u00edvio e troca. Com a pandemia em 2020 o sonho de comemorar as festas natalinas foi adiado. Ent\u00e3o, junte-se a n\u00f3s. Recarregue-se de amor e empatia. Plante em seu cora\u00e7\u00e3o paz e fa\u00e7a florescer com beleza a flor m\u00e3e das sementes da resist\u00eancia. O encantamento do Natal \u00e9 para todos da mesma forma que Deus.<\/p>\n<div id=\"attachment_175361\" style=\"width: 690px\" class=\"wp-caption aligncenter\"><img loading=\"lazy\" decoding=\"async\" aria-describedby=\"caption-attachment-175361\" class=\"wp-image-175361\" src=\"https:\/\/diarioregionaldigital.com.br\/wp-content\/uploads\/2020\/12\/fotoa-3-e1608673985223.jpeg\" alt=\"\" width=\"680\" height=\"505\" srcset=\"https:\/\/diarioregionaldigital.com.br\/wp-content\/uploads\/2020\/12\/fotoa-3-e1608673985223.jpeg 640w, https:\/\/diarioregionaldigital.com.br\/wp-content\/uploads\/2020\/12\/fotoa-3-e1608673985223-300x223.jpeg 300w, https:\/\/diarioregionaldigital.com.br\/wp-content\/uploads\/2020\/12\/fotoa-3-e1608673985223-360x267.jpeg 360w\" sizes=\"auto, (max-width: 680px) 100vw, 680px\" \/><p id=\"caption-attachment-175361\" class=\"wp-caption-text\">O Feliz Natal para toda Juiz de Fora com o casal, Sinteac, Nini F\u00e9lix e S\u00e9rgio F\u00e9lix<\/p><\/div>\n<div id=\"attachment_175376\" style=\"width: 690px\" class=\"wp-caption aligncenter\"><img loading=\"lazy\" decoding=\"async\" aria-describedby=\"caption-attachment-175376\" class=\"wp-image-175376\" src=\"https:\/\/diarioregionaldigital.com.br\/wp-content\/uploads\/2020\/12\/fotoq.jpg\" alt=\"\" width=\"680\" height=\"480\" srcset=\"https:\/\/diarioregionaldigital.com.br\/wp-content\/uploads\/2020\/12\/fotoq.jpg 659w, https:\/\/diarioregionaldigital.com.br\/wp-content\/uploads\/2020\/12\/fotoq-300x212.jpg 300w, https:\/\/diarioregionaldigital.com.br\/wp-content\/uploads\/2020\/12\/fotoq-360x254.jpg 360w, https:\/\/diarioregionaldigital.com.br\/wp-content\/uploads\/2020\/12\/fotoq-100x70.jpg 100w\" sizes=\"auto, (max-width: 680px) 100vw, 680px\" \/><p id=\"caption-attachment-175376\" class=\"wp-caption-text\">Eduardo Gomes deseja um feliz Natal a todos os leitores, amigos, familiares e a grandeza do Facebook<\/p><\/div>\n<div id=\"attachment_175362\" style=\"width: 690px\" class=\"wp-caption aligncenter\"><img loading=\"lazy\" decoding=\"async\" aria-describedby=\"caption-attachment-175362\" class=\"wp-image-175362\" src=\"https:\/\/diarioregionaldigital.com.br\/wp-content\/uploads\/2020\/12\/fotob-3-e1608674034876.jpeg\" alt=\"\" width=\"680\" height=\"491\" srcset=\"https:\/\/diarioregionaldigital.com.br\/wp-content\/uploads\/2020\/12\/fotob-3-e1608674034876.jpeg 854w, https:\/\/diarioregionaldigital.com.br\/wp-content\/uploads\/2020\/12\/fotob-3-e1608674034876-300x217.jpeg 300w, https:\/\/diarioregionaldigital.com.br\/wp-content\/uploads\/2020\/12\/fotob-3-e1608674034876-768x555.jpeg 768w, https:\/\/diarioregionaldigital.com.br\/wp-content\/uploads\/2020\/12\/fotob-3-e1608674034876-360x260.jpeg 360w\" sizes=\"auto, (max-width: 680px) 100vw, 680px\" \/><p id=\"caption-attachment-175362\" class=\"wp-caption-text\">Luzes de Natal para o farmac\u00eautico e modelo lind\u00e3o de Miracema (RJ), Josean Pestana<\/p><\/div>\n<div id=\"attachment_175363\" style=\"width: 690px\" class=\"wp-caption aligncenter\"><img loading=\"lazy\" decoding=\"async\" aria-describedby=\"caption-attachment-175363\" class=\"wp-image-175363\" src=\"https:\/\/diarioregionaldigital.com.br\/wp-content\/uploads\/2020\/12\/fotoc-3-e1608674094285.jpeg\" alt=\"\" width=\"680\" height=\"514\" srcset=\"https:\/\/diarioregionaldigital.com.br\/wp-content\/uploads\/2020\/12\/fotoc-3-e1608674094285.jpeg 953w, https:\/\/diarioregionaldigital.com.br\/wp-content\/uploads\/2020\/12\/fotoc-3-e1608674094285-300x227.jpeg 300w, https:\/\/diarioregionaldigital.com.br\/wp-content\/uploads\/2020\/12\/fotoc-3-e1608674094285-768x580.jpeg 768w, https:\/\/diarioregionaldigital.com.br\/wp-content\/uploads\/2020\/12\/fotoc-3-e1608674094285-360x272.jpeg 360w\" sizes=\"auto, (max-width: 680px) 100vw, 680px\" \/><p id=\"caption-attachment-175363\" class=\"wp-caption-text\">Noite de amor e paz no Natal com Rose Oliveira e sua cachorrinha Crystal<\/p><\/div>\n<div id=\"attachment_175365\" style=\"width: 690px\" class=\"wp-caption aligncenter\"><img loading=\"lazy\" decoding=\"async\" aria-describedby=\"caption-attachment-175365\" class=\"wp-image-175365\" src=\"https:\/\/diarioregionaldigital.com.br\/wp-content\/uploads\/2020\/12\/fotoe-15-e1608674199445.jpg\" alt=\"\" width=\"680\" height=\"494\" srcset=\"https:\/\/diarioregionaldigital.com.br\/wp-content\/uploads\/2020\/12\/fotoe-15-e1608674199445.jpg 952w, https:\/\/diarioregionaldigital.com.br\/wp-content\/uploads\/2020\/12\/fotoe-15-e1608674199445-300x218.jpg 300w, https:\/\/diarioregionaldigital.com.br\/wp-content\/uploads\/2020\/12\/fotoe-15-e1608674199445-768x557.jpg 768w, https:\/\/diarioregionaldigital.com.br\/wp-content\/uploads\/2020\/12\/fotoe-15-e1608674199445-360x261.jpg 360w\" sizes=\"auto, (max-width: 680px) 100vw, 680px\" \/><p id=\"caption-attachment-175365\" class=\"wp-caption-text\">Feliz Natal em fam\u00edlia com os queridos M\u00f4nica Gomide Guimar\u00e3es, seu pai Jos\u00e9 Ribeiro Gomide e a filha Patr\u00edcia Gomide Jones Paiva<\/p><\/div>\n<div id=\"attachment_175366\" style=\"width: 690px\" class=\"wp-caption aligncenter\"><img loading=\"lazy\" decoding=\"async\" aria-describedby=\"caption-attachment-175366\" class=\"wp-image-175366\" src=\"https:\/\/diarioregionaldigital.com.br\/wp-content\/uploads\/2020\/12\/fotof-12-e1608674258695.jpg\" alt=\"\" width=\"680\" height=\"503\" srcset=\"https:\/\/diarioregionaldigital.com.br\/wp-content\/uploads\/2020\/12\/fotof-12-e1608674258695.jpg 768w, https:\/\/diarioregionaldigital.com.br\/wp-content\/uploads\/2020\/12\/fotof-12-e1608674258695-300x222.jpg 300w, https:\/\/diarioregionaldigital.com.br\/wp-content\/uploads\/2020\/12\/fotof-12-e1608674258695-360x266.jpg 360w\" sizes=\"auto, (max-width: 680px) 100vw, 680px\" \/><p id=\"caption-attachment-175366\" class=\"wp-caption-text\">O Encontro de Papai Noel com o bonit\u00e3o administrador Luciano Toledo<\/p><\/div>\n<div id=\"attachment_175367\" style=\"width: 690px\" class=\"wp-caption aligncenter\"><img loading=\"lazy\" decoding=\"async\" aria-describedby=\"caption-attachment-175367\" class=\"wp-image-175367\" src=\"https:\/\/diarioregionaldigital.com.br\/wp-content\/uploads\/2020\/12\/fotog-13-e1608674371839.jpg\" alt=\"\" width=\"680\" height=\"487\" srcset=\"https:\/\/diarioregionaldigital.com.br\/wp-content\/uploads\/2020\/12\/fotog-13-e1608674371839.jpg 916w, https:\/\/diarioregionaldigital.com.br\/wp-content\/uploads\/2020\/12\/fotog-13-e1608674371839-300x215.jpg 300w, https:\/\/diarioregionaldigital.com.br\/wp-content\/uploads\/2020\/12\/fotog-13-e1608674371839-768x550.jpg 768w, https:\/\/diarioregionaldigital.com.br\/wp-content\/uploads\/2020\/12\/fotog-13-e1608674371839-360x258.jpg 360w\" sizes=\"auto, (max-width: 680px) 100vw, 680px\" \/><p id=\"caption-attachment-175367\" class=\"wp-caption-text\">O Natal em Caraguatatuba (SP), com as queridas Annete Fajardo e a filha Myrliane Le\u00e3o<\/p><\/div>\n<div id=\"attachment_175368\" style=\"width: 690px\" class=\"wp-caption aligncenter\"><img loading=\"lazy\" decoding=\"async\" aria-describedby=\"caption-attachment-175368\" class=\"wp-image-175368\" src=\"https:\/\/diarioregionaldigital.com.br\/wp-content\/uploads\/2020\/12\/fotoh-12-e1608674418507.jpg\" alt=\"\" width=\"680\" height=\"482\" srcset=\"https:\/\/diarioregionaldigital.com.br\/wp-content\/uploads\/2020\/12\/fotoh-12-e1608674418507.jpg 751w, https:\/\/diarioregionaldigital.com.br\/wp-content\/uploads\/2020\/12\/fotoh-12-e1608674418507-300x213.jpg 300w, https:\/\/diarioregionaldigital.com.br\/wp-content\/uploads\/2020\/12\/fotoh-12-e1608674418507-750x530.jpg 750w, https:\/\/diarioregionaldigital.com.br\/wp-content\/uploads\/2020\/12\/fotoh-12-e1608674418507-360x255.jpg 360w, https:\/\/diarioregionaldigital.com.br\/wp-content\/uploads\/2020\/12\/fotoh-12-e1608674418507-100x70.jpg 100w\" sizes=\"auto, (max-width: 680px) 100vw, 680px\" \/><p id=\"caption-attachment-175368\" class=\"wp-caption-text\">Ensaiando para a Ceia de natal, os refinados Alvaro Duayer e Ingrid Og Duayer<\/p><\/div>\n<div id=\"attachment_175369\" style=\"width: 690px\" class=\"wp-caption aligncenter\"><img loading=\"lazy\" decoding=\"async\" aria-describedby=\"caption-attachment-175369\" class=\"wp-image-175369\" src=\"https:\/\/diarioregionaldigital.com.br\/wp-content\/uploads\/2020\/12\/fotoi-10-e1608674513433.jpg\" alt=\"\" width=\"680\" height=\"481\" srcset=\"https:\/\/diarioregionaldigital.com.br\/wp-content\/uploads\/2020\/12\/fotoi-10-e1608674513433.jpg 1061w, https:\/\/diarioregionaldigital.com.br\/wp-content\/uploads\/2020\/12\/fotoi-10-e1608674513433-300x212.jpg 300w, https:\/\/diarioregionaldigital.com.br\/wp-content\/uploads\/2020\/12\/fotoi-10-e1608674513433-1024x724.jpg 1024w, https:\/\/diarioregionaldigital.com.br\/wp-content\/uploads\/2020\/12\/fotoi-10-e1608674513433-768x543.jpg 768w, https:\/\/diarioregionaldigital.com.br\/wp-content\/uploads\/2020\/12\/fotoi-10-e1608674513433-750x530.jpg 750w, https:\/\/diarioregionaldigital.com.br\/wp-content\/uploads\/2020\/12\/fotoi-10-e1608674513433-360x254.jpg 360w, https:\/\/diarioregionaldigital.com.br\/wp-content\/uploads\/2020\/12\/fotoi-10-e1608674513433-100x70.jpg 100w\" sizes=\"auto, (max-width: 680px) 100vw, 680px\" \/><p id=\"caption-attachment-175369\" class=\"wp-caption-text\">Em paz no Natal, os carism\u00e1ticos Padre Pierre e Fernando Prados<\/p><\/div>\n<div id=\"attachment_175370\" style=\"width: 690px\" class=\"wp-caption aligncenter\"><img loading=\"lazy\" decoding=\"async\" aria-describedby=\"caption-attachment-175370\" class=\"wp-image-175370\" src=\"https:\/\/diarioregionaldigital.com.br\/wp-content\/uploads\/2020\/12\/fotoj-4-e1608674597314.jpg\" alt=\"\" width=\"680\" height=\"486\" srcset=\"https:\/\/diarioregionaldigital.com.br\/wp-content\/uploads\/2020\/12\/fotoj-4-e1608674597314.jpg 1042w, https:\/\/diarioregionaldigital.com.br\/wp-content\/uploads\/2020\/12\/fotoj-4-e1608674597314-300x214.jpg 300w, https:\/\/diarioregionaldigital.com.br\/wp-content\/uploads\/2020\/12\/fotoj-4-e1608674597314-1024x732.jpg 1024w, https:\/\/diarioregionaldigital.com.br\/wp-content\/uploads\/2020\/12\/fotoj-4-e1608674597314-768x549.jpg 768w, https:\/\/diarioregionaldigital.com.br\/wp-content\/uploads\/2020\/12\/fotoj-4-e1608674597314-360x257.jpg 360w, https:\/\/diarioregionaldigital.com.br\/wp-content\/uploads\/2020\/12\/fotoj-4-e1608674597314-100x70.jpg 100w\" sizes=\"auto, (max-width: 680px) 100vw, 680px\" \/><p id=\"caption-attachment-175370\" class=\"wp-caption-text\">Em tempo de presentes de Natal, o colunista Marc\u00edlio Gomes e a ex-Miss Brasil J\u00falia Horta<\/p><\/div>\n<div id=\"attachment_175364\" style=\"width: 690px\" class=\"wp-caption aligncenter\"><img loading=\"lazy\" decoding=\"async\" aria-describedby=\"caption-attachment-175364\" class=\"wp-image-175364\" src=\"https:\/\/diarioregionaldigital.com.br\/wp-content\/uploads\/2020\/12\/fotod-15-e1608674137823.jpg\" alt=\"\" width=\"680\" height=\"499\" srcset=\"https:\/\/diarioregionaldigital.com.br\/wp-content\/uploads\/2020\/12\/fotod-15-e1608674137823.jpg 600w, https:\/\/diarioregionaldigital.com.br\/wp-content\/uploads\/2020\/12\/fotod-15-e1608674137823-300x220.jpg 300w, https:\/\/diarioregionaldigital.com.br\/wp-content\/uploads\/2020\/12\/fotod-15-e1608674137823-360x264.jpg 360w\" sizes=\"auto, (max-width: 680px) 100vw, 680px\" \/><p id=\"caption-attachment-175364\" class=\"wp-caption-text\">Noite Feliz com as elegantes: Regina Denny, Iris Rachid, Luciana Paschoalino e V\u00e2nia Piccinini e Silva<\/p><\/div>\n<div id=\"attachment_175372\" style=\"width: 690px\" class=\"wp-caption aligncenter\"><img loading=\"lazy\" decoding=\"async\" aria-describedby=\"caption-attachment-175372\" class=\"wp-image-175372\" src=\"https:\/\/diarioregionaldigital.com.br\/wp-content\/uploads\/2020\/12\/fotom-e1608674709505.jpg\" alt=\"\" width=\"680\" height=\"490\" srcset=\"https:\/\/diarioregionaldigital.com.br\/wp-content\/uploads\/2020\/12\/fotom-e1608674709505.jpg 1080w, https:\/\/diarioregionaldigital.com.br\/wp-content\/uploads\/2020\/12\/fotom-e1608674709505-300x216.jpg 300w, https:\/\/diarioregionaldigital.com.br\/wp-content\/uploads\/2020\/12\/fotom-e1608674709505-1024x739.jpg 1024w, https:\/\/diarioregionaldigital.com.br\/wp-content\/uploads\/2020\/12\/fotom-e1608674709505-768x554.jpg 768w, https:\/\/diarioregionaldigital.com.br\/wp-content\/uploads\/2020\/12\/fotom-e1608674709505-360x260.jpg 360w\" sizes=\"auto, (max-width: 680px) 100vw, 680px\" \/><p id=\"caption-attachment-175372\" class=\"wp-caption-text\">Feliz Natal para Victor Domingos e sua m\u00e3e Adelaide Rodrigues<\/p><\/div>\n<div id=\"attachment_175373\" style=\"width: 690px\" class=\"wp-caption aligncenter\"><img loading=\"lazy\" decoding=\"async\" aria-describedby=\"caption-attachment-175373\" class=\"wp-image-175373\" src=\"https:\/\/diarioregionaldigital.com.br\/wp-content\/uploads\/2020\/12\/foton-e1608674757634.jpeg\" alt=\"\" width=\"680\" height=\"465\" srcset=\"https:\/\/diarioregionaldigital.com.br\/wp-content\/uploads\/2020\/12\/foton-e1608674757634.jpeg 512w, https:\/\/diarioregionaldigital.com.br\/wp-content\/uploads\/2020\/12\/foton-e1608674757634-300x205.jpeg 300w, https:\/\/diarioregionaldigital.com.br\/wp-content\/uploads\/2020\/12\/foton-e1608674757634-360x246.jpeg 360w\" sizes=\"auto, (max-width: 680px) 100vw, 680px\" \/><p id=\"caption-attachment-175373\" class=\"wp-caption-text\">Juntos e unidos no Natal: Ruan Wagner e o pai modelo e personal, Ramon Wagner<\/p><\/div>\n<div id=\"attachment_175375\" style=\"width: 690px\" class=\"wp-caption aligncenter\"><img loading=\"lazy\" decoding=\"async\" aria-describedby=\"caption-attachment-175375\" class=\"wp-image-175375\" src=\"https:\/\/diarioregionaldigital.com.br\/wp-content\/uploads\/2020\/12\/fotop-e1608674850342.jpg\" alt=\"\" width=\"680\" height=\"495\" srcset=\"https:\/\/diarioregionaldigital.com.br\/wp-content\/uploads\/2020\/12\/fotop-e1608674850342.jpg 2017w, https:\/\/diarioregionaldigital.com.br\/wp-content\/uploads\/2020\/12\/fotop-e1608674850342-300x218.jpg 300w, https:\/\/diarioregionaldigital.com.br\/wp-content\/uploads\/2020\/12\/fotop-e1608674850342-1024x746.jpg 1024w, https:\/\/diarioregionaldigital.com.br\/wp-content\/uploads\/2020\/12\/fotop-e1608674850342-768x559.jpg 768w, https:\/\/diarioregionaldigital.com.br\/wp-content\/uploads\/2020\/12\/fotop-e1608674850342-1536x1119.jpg 1536w, https:\/\/diarioregionaldigital.com.br\/wp-content\/uploads\/2020\/12\/fotop-e1608674850342-360x262.jpg 360w\" sizes=\"auto, (max-width: 680px) 100vw, 680px\" \/><p id=\"caption-attachment-175375\" class=\"wp-caption-text\">Festejando o Natal em noite estrelada Arthur Batitucci e Roberta Cruz<\/p><\/div>\n<div id=\"attachment_175374\" style=\"width: 690px\" class=\"wp-caption aligncenter\"><img loading=\"lazy\" decoding=\"async\" aria-describedby=\"caption-attachment-175374\" class=\"wp-image-175374\" src=\"https:\/\/diarioregionaldigital.com.br\/wp-content\/uploads\/2020\/12\/fotoo-e1608674814958.jpg\" alt=\"\" width=\"680\" height=\"518\" srcset=\"https:\/\/diarioregionaldigital.com.br\/wp-content\/uploads\/2020\/12\/fotoo-e1608674814958.jpg 1080w, https:\/\/diarioregionaldigital.com.br\/wp-content\/uploads\/2020\/12\/fotoo-e1608674814958-300x229.jpg 300w, https:\/\/diarioregionaldigital.com.br\/wp-content\/uploads\/2020\/12\/fotoo-e1608674814958-1024x780.jpg 1024w, https:\/\/diarioregionaldigital.com.br\/wp-content\/uploads\/2020\/12\/fotoo-e1608674814958-768x585.jpg 768w, https:\/\/diarioregionaldigital.com.br\/wp-content\/uploads\/2020\/12\/fotoo-e1608674814958-360x274.jpg 360w\" sizes=\"auto, (max-width: 680px) 100vw, 680px\" \/><p id=\"caption-attachment-175374\" class=\"wp-caption-text\">O Feliz Natal&#8230;Feliz Ano Novo da linda Lidiane Stambassi (aniversariando)<\/p><\/div>\n<div id=\"attachment_175377\" style=\"width: 690px\" class=\"wp-caption aligncenter\"><img loading=\"lazy\" decoding=\"async\" aria-describedby=\"caption-attachment-175377\" class=\"wp-image-175377\" src=\"https:\/\/diarioregionaldigital.com.br\/wp-content\/uploads\/2020\/12\/fotor-e1608674969489.jpg\" alt=\"\" width=\"680\" height=\"506\" srcset=\"https:\/\/diarioregionaldigital.com.br\/wp-content\/uploads\/2020\/12\/fotor-e1608674969489.jpg 423w, https:\/\/diarioregionaldigital.com.br\/wp-content\/uploads\/2020\/12\/fotor-e1608674969489-300x223.jpg 300w, https:\/\/diarioregionaldigital.com.br\/wp-content\/uploads\/2020\/12\/fotor-e1608674969489-360x268.jpg 360w\" sizes=\"auto, (max-width: 680px) 100vw, 680px\" \/><p id=\"caption-attachment-175377\" class=\"wp-caption-text\">O alto astral de bom Natal e Feliz Ano Novo da big advogada Anna Ede<\/p><\/div>\n<div id=\"attachment_175378\" style=\"width: 690px\" class=\"wp-caption aligncenter\"><img loading=\"lazy\" decoding=\"async\" aria-describedby=\"caption-attachment-175378\" class=\"wp-image-175378\" src=\"https:\/\/diarioregionaldigital.com.br\/wp-content\/uploads\/2020\/12\/fotos-e1608675047446.jpg\" alt=\"\" width=\"680\" height=\"470\" srcset=\"https:\/\/diarioregionaldigital.com.br\/wp-content\/uploads\/2020\/12\/fotos-e1608675047446.jpg 960w, https:\/\/diarioregionaldigital.com.br\/wp-content\/uploads\/2020\/12\/fotos-e1608675047446-300x208.jpg 300w, https:\/\/diarioregionaldigital.com.br\/wp-content\/uploads\/2020\/12\/fotos-e1608675047446-768x531.jpg 768w, https:\/\/diarioregionaldigital.com.br\/wp-content\/uploads\/2020\/12\/fotos-e1608675047446-360x249.jpg 360w, https:\/\/diarioregionaldigital.com.br\/wp-content\/uploads\/2020\/12\/fotos-e1608675047446-100x70.jpg 100w\" sizes=\"auto, (max-width: 680px) 100vw, 680px\" \/><p id=\"caption-attachment-175378\" class=\"wp-caption-text\">Brindando o Natal, Heloisa Cuzio e o filho Paulo Henrique Curzio<\/p><\/div>\n<div id=\"attachment_175371\" style=\"width: 690px\" class=\"wp-caption aligncenter\"><img loading=\"lazy\" decoding=\"async\" aria-describedby=\"caption-attachment-175371\" class=\"wp-image-175371\" src=\"https:\/\/diarioregionaldigital.com.br\/wp-content\/uploads\/2020\/12\/fotol-e1608674663551.jpg\" alt=\"\" width=\"680\" height=\"512\" srcset=\"https:\/\/diarioregionaldigital.com.br\/wp-content\/uploads\/2020\/12\/fotol-e1608674663551.jpg 1530w, https:\/\/diarioregionaldigital.com.br\/wp-content\/uploads\/2020\/12\/fotol-e1608674663551-300x226.jpg 300w, https:\/\/diarioregionaldigital.com.br\/wp-content\/uploads\/2020\/12\/fotol-e1608674663551-1024x771.jpg 1024w, https:\/\/diarioregionaldigital.com.br\/wp-content\/uploads\/2020\/12\/fotol-e1608674663551-768x578.jpg 768w, https:\/\/diarioregionaldigital.com.br\/wp-content\/uploads\/2020\/12\/fotol-e1608674663551-360x271.jpg 360w\" sizes=\"auto, (max-width: 680px) 100vw, 680px\" \/><p id=\"caption-attachment-175371\" class=\"wp-caption-text\">O Natal luz com Dr. Geraldo Ant\u00f4nio de Souza, Dalva Westermann e Alet\u00e9a Westermann<\/p><\/div>\n","protected":false},"excerpt":{"rendered":"<p>Dossi\u00ea A ci\u00eancia vem descobrindo uma nova esp\u00e9cie animal ou vegetal na Amaz\u00f4nia a cada dois dias Botar a natureza abaixo antes mesmo de conhec\u00ea-la \u00e9 como apagar um idioma ex\u00f3tico. Que seja doce Sobremesas para o Natal diferenciadas re\u00fane potinhos de ovos moles, panetones da Chang\u00ea, docinhos de Rose Tortoriello, bolo de massa fofinha [&hellip;]<\/p>\n","protected":false},"author":96,"featured_media":175382,"comment_status":"closed","ping_status":"closed","sticky":false,"template":"","format":"standard","meta":{"footnotes":""},"categories":[264],"tags":[],"class_list":["post-175379","post","type-post","status-publish","format-standard","has-post-thumbnail","hentry","category-eduardo-gomes"],"_links":{"self":[{"href":"https:\/\/diarioregionaldigital.com.br\/index.php?rest_route=\/wp\/v2\/posts\/175379","targetHints":{"allow":["GET"]}}],"collection":[{"href":"https:\/\/diarioregionaldigital.com.br\/index.php?rest_route=\/wp\/v2\/posts"}],"about":[{"href":"https:\/\/diarioregionaldigital.com.br\/index.php?rest_route=\/wp\/v2\/types\/post"}],"author":[{"embeddable":true,"href":"https:\/\/diarioregionaldigital.com.br\/index.php?rest_route=\/wp\/v2\/users\/96"}],"replies":[{"embeddable":true,"href":"https:\/\/diarioregionaldigital.com.br\/index.php?rest_route=%2Fwp%2Fv2%2Fcomments&post=175379"}],"version-history":[{"count":0,"href":"https:\/\/diarioregionaldigital.com.br\/index.php?rest_route=\/wp\/v2\/posts\/175379\/revisions"}],"wp:featuredmedia":[{"embeddable":true,"href":"https:\/\/diarioregionaldigital.com.br\/index.php?rest_route=\/wp\/v2\/media\/175382"}],"wp:attachment":[{"href":"https:\/\/diarioregionaldigital.com.br\/index.php?rest_route=%2Fwp%2Fv2%2Fmedia&parent=175379"}],"wp:term":[{"taxonomy":"category","embeddable":true,"href":"https:\/\/diarioregionaldigital.com.br\/index.php?rest_route=%2Fwp%2Fv2%2Fcategories&post=175379"},{"taxonomy":"post_tag","embeddable":true,"href":"https:\/\/diarioregionaldigital.com.br\/index.php?rest_route=%2Fwp%2Fv2%2Ftags&post=175379"}],"curies":[{"name":"wp","href":"https:\/\/api.w.org\/{rel}","templated":true}]}}