{"id":175357,"date":"2020-12-22T06:00:10","date_gmt":"2020-12-22T09:00:10","guid":{"rendered":"https:\/\/diarioregionaldigital.com.br\/?p=175357"},"modified":"2020-12-22T18:43:21","modified_gmt":"2020-12-22T21:43:21","slug":"convocacao-ago-amess-contas-e-eleicao-23-12-2020","status":"publish","type":"post","link":"https:\/\/diarioregionaldigital.com.br\/?p=175357","title":{"rendered":"Convoca\u00e7\u00e3o AGO AMESS &#8211; Contas e Elei\u00e7\u00e3o &#8211; 23\/12\/2020"},"content":{"rendered":"<p><img loading=\"lazy\" decoding=\"async\" class=\"aligncenter wp-image-175354\" src=\"https:\/\/diarioregionaldigital.com.br\/wp-content\/uploads\/2020\/12\/Convoca\u00e7\u00e3o-AGO-AMESS-scaled.jpg\" alt=\"\" width=\"500\" height=\"686\" srcset=\"https:\/\/diarioregionaldigital.com.br\/wp-content\/uploads\/2020\/12\/Convoca\u00e7\u00e3o-AGO-AMESS-scaled.jpg 1867w, https:\/\/diarioregionaldigital.com.br\/wp-content\/uploads\/2020\/12\/Convoca\u00e7\u00e3o-AGO-AMESS-219x300.jpg 219w, https:\/\/diarioregionaldigital.com.br\/wp-content\/uploads\/2020\/12\/Convoca\u00e7\u00e3o-AGO-AMESS-747x1024.jpg 747w, https:\/\/diarioregionaldigital.com.br\/wp-content\/uploads\/2020\/12\/Convoca\u00e7\u00e3o-AGO-AMESS-768x1053.jpg 768w, https:\/\/diarioregionaldigital.com.br\/wp-content\/uploads\/2020\/12\/Convoca\u00e7\u00e3o-AGO-AMESS-1120x1536.jpg 1120w, https:\/\/diarioregionaldigital.com.br\/wp-content\/uploads\/2020\/12\/Convoca\u00e7\u00e3o-AGO-AMESS-1494x2048.jpg 1494w, https:\/\/diarioregionaldigital.com.br\/wp-content\/uploads\/2020\/12\/Convoca\u00e7\u00e3o-AGO-AMESS-360x494.jpg 360w\" sizes=\"auto, (max-width: 500px) 100vw, 500px\" \/><\/p>\n","protected":false},"excerpt":{"rendered":"","protected":false},"author":96,"featured_media":0,"comment_status":"closed","ping_status":"closed","sticky":false,"template":"","format":"standard","meta":{"footnotes":""},"categories":[307],"tags":[],"class_list":["post-175357","post","type-post","status-publish","format-standard","hentry","category-editais"],"_links":{"self":[{"href":"https:\/\/diarioregionaldigital.com.br\/index.php?rest_route=\/wp\/v2\/posts\/175357","targetHints":{"allow":["GET"]}}],"collection":[{"href":"https:\/\/diarioregionaldigital.com.br\/index.php?rest_route=\/wp\/v2\/posts"}],"about":[{"href":"https:\/\/diarioregionaldigital.com.br\/index.php?rest_route=\/wp\/v2\/types\/post"}],"author":[{"embeddable":true,"href":"https:\/\/diarioregionaldigital.com.br\/index.php?rest_route=\/wp\/v2\/users\/96"}],"replies":[{"embeddable":true,"href":"https:\/\/diarioregionaldigital.com.br\/index.php?rest_route=%2Fwp%2Fv2%2Fcomments&post=175357"}],"version-history":[{"count":0,"href":"https:\/\/diarioregionaldigital.com.br\/index.php?rest_route=\/wp\/v2\/posts\/175357\/revisions"}],"wp:attachment":[{"href":"https:\/\/diarioregionaldigital.com.br\/index.php?rest_route=%2Fwp%2Fv2%2Fmedia&parent=175357"}],"wp:term":[{"taxonomy":"category","embeddable":true,"href":"https:\/\/diarioregionaldigital.com.br\/index.php?rest_route=%2Fwp%2Fv2%2Fcategories&post=175357"},{"taxonomy":"post_tag","embeddable":true,"href":"https:\/\/diarioregionaldigital.com.br\/index.php?rest_route=%2Fwp%2Fv2%2Ftags&post=175357"}],"curies":[{"name":"wp","href":"https:\/\/api.w.org\/{rel}","templated":true}]}}