{"id":175135,"date":"2020-12-16T20:49:17","date_gmt":"2020-12-16T23:49:17","guid":{"rendered":"https:\/\/diarioregionaldigital.com.br\/?p=175135"},"modified":"2020-12-16T20:49:17","modified_gmt":"2020-12-16T23:49:17","slug":"covid-19-mais-222-novos-casos-sao-confirmados-em-juiz-de-fora","status":"publish","type":"post","link":"https:\/\/diarioregionaldigital.com.br\/?p=175135","title":{"rendered":"Covid-19: Mais 222 novos casos s\u00e3o confirmados em Juiz de Fora"},"content":{"rendered":"<p><span style=\"font-weight: 400;\">O novo boletim epidemiol\u00f3gico divulgado nesta quarta-feira (16) pela Secretaria de Sa\u00fade (SS) da Prefeitura de Juiz de Fora (PJF), aponta que o munic\u00edpio contabilizou mais 222 novos casos por Covid-19, totalizando 11.808 pessoas infectadas.<\/span><\/p>\n<p><span style=\"font-weight: 400;\">Segundo o levantamento, foram notificadas mais sete mortes, acumulando 420. Al\u00e9m disso, 40.133 pacientes s\u00e3o suspeitos de terem a doen\u00e7a.<\/span><\/p>\n<p><span style=\"font-weight: 400;\">A Secretaria informa tamb\u00e9m que nesta semana mais cinco bairros entraram para o ranking de locais com maiores n\u00fameros de casos registrados do Coronav\u00edrus: Sagrado Cora\u00e7\u00e3o de Jesus (38), Santa Catarina (38), Filgueiras (37), Previdenci\u00e1rios (37) e Vila Ozanan (36).\u00a0<\/span><\/p>\n<p><b>\u00d3bitos<\/b><\/p>\n<p><span style=\"font-weight: 400;\">Idoso, de 63 anos, morreu nesta quarta-feira, 16. Comorbidades: Hipertens\u00e3o Arterial Sist\u00eamica (HAS), Diabetes Mellitus (DM) e obesidade;<\/span><\/p>\n<p><span style=\"font-weight: 400;\">Idoso, de 77 anos, morreu no domingo, 13. Comorbidades: Doen\u00e7a Cardiovascular Cr\u00f4nica (DCC), Hipertens\u00e3o Arterial Sist\u00eamica (HAS) Diabetes Mellitus (DM) e Doen\u00e7a Renal Cr\u00f4nica (DRC);<\/span><\/p>\n<p><span style=\"font-weight: 400;\">Idosa, de 70 anos, morreu no domingo, 13. Comorbidade: Doen\u00e7a Cardiovascular Cr\u00f4nica (DCC);<\/span><\/p>\n<p><span style=\"font-weight: 400;\">Idosa, de 60 anos, morreu nessa ter\u00e7a-feira, 15. Comorbidades: Doen\u00e7a Cardiovascular Cr\u00f4nica (DCC) e obesidade;<\/span><\/p>\n<p><span style=\"font-weight: 400;\">Idoso, de 63 anos, morreu nessa ter\u00e7a-feira, 15. Comorbidades: pneumopatia cr\u00f4nica e tromboembolismo pulmonar;<\/span><\/p>\n<p><span style=\"font-weight: 400;\">Mulher, de 58 anos, morreu nesta quarta-feira, 16. Comorbidades: Doen\u00e7a Cardiovascular Cr\u00f4nica (DCC) e Hipertens\u00e3o Arterial Sist\u00eamica (HAS);<\/span><\/p>\n<p><span style=\"font-weight: 400;\">Idosa, de 88 anos, morreu na ter\u00e7a-feira, 14. Comorbidades: c\u00e2ncer e imunodefici\u00eancia.<\/span><\/p>\n<p><b>Leitos\u00a0<\/b><\/p>\n<p><span style=\"font-weight: 400;\">Segundo informa\u00e7\u00f5es da PJF, 380 pessoas est\u00e3o hospitalizadas por covid-19 no munic\u00edpio. Ao todo, 134 pacientes ocupam leitos de UTI e 246 de enfermaria (p\u00fablico e privado). A taxa de ocupa\u00e7\u00e3o dos leitos de UTI da rede p\u00fablica \u00e9 de 84,26%. J\u00e1 os leitos de UTI particulares, 90,90% est\u00e3o ocupados. O \u00edndice de ocupa\u00e7\u00e3o de UTI geral (p\u00fablico \u2013 privado) \u00e9 de 86,64%.<\/span><\/p>\n","protected":false},"excerpt":{"rendered":"<p>O novo boletim epidemiol\u00f3gico divulgado nesta quarta-feira (16) pela Secretaria de Sa\u00fade (SS) da Prefeitura de Juiz de Fora (PJF), aponta que o munic\u00edpio contabilizou mais 222 novos casos por Covid-19, totalizando 11.808 pessoas infectadas. Segundo o levantamento, foram notificadas mais sete mortes, acumulando 420. Al\u00e9m disso, 40.133 pacientes s\u00e3o suspeitos de terem a doen\u00e7a. [&hellip;]<\/p>\n","protected":false},"author":96,"featured_media":172965,"comment_status":"closed","ping_status":"closed","sticky":false,"template":"","format":"standard","meta":{"footnotes":""},"categories":[253,436,440,439],"tags":[],"class_list":["post-175135","post","type-post","status-publish","format-standard","has-post-thumbnail","hentry","category-cidade","category-destaque-da-semana","category-destaques-do-dia","category-ultima-hora"],"_links":{"self":[{"href":"https:\/\/diarioregionaldigital.com.br\/index.php?rest_route=\/wp\/v2\/posts\/175135","targetHints":{"allow":["GET"]}}],"collection":[{"href":"https:\/\/diarioregionaldigital.com.br\/index.php?rest_route=\/wp\/v2\/posts"}],"about":[{"href":"https:\/\/diarioregionaldigital.com.br\/index.php?rest_route=\/wp\/v2\/types\/post"}],"author":[{"embeddable":true,"href":"https:\/\/diarioregionaldigital.com.br\/index.php?rest_route=\/wp\/v2\/users\/96"}],"replies":[{"embeddable":true,"href":"https:\/\/diarioregionaldigital.com.br\/index.php?rest_route=%2Fwp%2Fv2%2Fcomments&post=175135"}],"version-history":[{"count":0,"href":"https:\/\/diarioregionaldigital.com.br\/index.php?rest_route=\/wp\/v2\/posts\/175135\/revisions"}],"wp:featuredmedia":[{"embeddable":true,"href":"https:\/\/diarioregionaldigital.com.br\/index.php?rest_route=\/wp\/v2\/media\/172965"}],"wp:attachment":[{"href":"https:\/\/diarioregionaldigital.com.br\/index.php?rest_route=%2Fwp%2Fv2%2Fmedia&parent=175135"}],"wp:term":[{"taxonomy":"category","embeddable":true,"href":"https:\/\/diarioregionaldigital.com.br\/index.php?rest_route=%2Fwp%2Fv2%2Fcategories&post=175135"},{"taxonomy":"post_tag","embeddable":true,"href":"https:\/\/diarioregionaldigital.com.br\/index.php?rest_route=%2Fwp%2Fv2%2Ftags&post=175135"}],"curies":[{"name":"wp","href":"https:\/\/api.w.org\/{rel}","templated":true}]}}