{"id":175130,"date":"2020-12-16T17:55:08","date_gmt":"2020-12-16T20:55:08","guid":{"rendered":"https:\/\/diarioregionaldigital.com.br\/?p=175130"},"modified":"2020-12-16T17:55:08","modified_gmt":"2020-12-16T20:55:08","slug":"pjf-assina-contrato-para-requalificacao-do-espaco-mascarenhas","status":"publish","type":"post","link":"https:\/\/diarioregionaldigital.com.br\/?p=175130","title":{"rendered":"PJF assina contrato para requalifica\u00e7\u00e3o do Espa\u00e7o Mascarenhas"},"content":{"rendered":"<p>O primeiro passo para revitaliza\u00e7\u00e3o do Centro Hist\u00f3rico de Juiz de Fora foi consolidado nesta quarta-feira, 16, com o an\u00fancio e a premia\u00e7\u00e3o dos vencedores do concurso \u201cF\u00e1brica Mascarenhas\u201d, e assinatura do contrato, pelo prefeito Ant\u00f4nio Almas, com a equipe ganhadora, para elabora\u00e7\u00e3o dos projetos executivo e complementares de requalifica\u00e7\u00e3o do Espa\u00e7o Mascarenhas e da Rua Dr. Paulo de Frontin. O evento de premia\u00e7\u00e3o online contou com a participa\u00e7\u00e3o de representantes da Prefeitura de Juiz de Fora (PJF), do Instituto de Arquitetos do Brasil (IAB), da comiss\u00e3o julgadora e dos tr\u00eas primeiros colocados.<\/p>\n<p>Ant\u00f4nio Almas falou do compromisso de sua gest\u00e3o com a participa\u00e7\u00e3o social e o turismo na cidade, e parabenizou as equipes vencedoras e men\u00e7\u00f5es honrosas. Foram recebidas mais de 130 inscri\u00e7\u00f5es e 35 propostas. \u201cO n\u00famero de participantes no processo demonstra o acerto da escolha. Podemos garantir que isso foi busca incessante nesta Administra\u00e7\u00e3o, de ter uma rela\u00e7\u00e3o democr\u00e1tica e transparente com a popula\u00e7\u00e3o de Juiz de Fora. E tamb\u00e9m do resgate do turismo e da requalifica\u00e7\u00e3o dos nossos equipamentos hist\u00f3ricos, principalmente do Centro da cidade. Para mim, o que fazemos hoje \u00e9 o cumprimento das linhas mestras\u2019 que direcionei para construirmos \u00e0 frente da administra\u00e7\u00e3o\u201d.<\/p>\n<p>Para o secret\u00e1rio de Desenvolvimento Econ\u00f4mico, Turismo e Agropecu\u00e1ria (Sedeta), Jackson Moreira, a contrata\u00e7\u00e3o do IAB pela Prefeitura, para realiza\u00e7\u00e3o do concurso, \u201cgarante a transpar\u00eancia e legitimidade do resultado\u201d. Ele acrescentou que, \u201cn\u00e3o \u00e9 simplesmente a requalifica\u00e7\u00e3o do Espa\u00e7o Mascarenhas, mas do Centro de Juiz de Fora. O espa\u00e7o marca o processo do in\u00edcio da urbaniza\u00e7\u00e3o do Munic\u00edpio e constru\u00e7\u00e3o da base econ\u00f4mica da cidade. Agora, esse movimento de requalifica\u00e7\u00e3o tamb\u00e9m cria novo ciclo e an\u00e1lise do espa\u00e7o, um novo momento, onde a principal diretriz \u00e9 a valoriza\u00e7\u00e3o do cidad\u00e3o\u201d.<\/p>\n<p>A diretora da Funda\u00e7\u00e3o Cultural \u201cAlfredo Ferreira Lage\u201d (Funalfa), Tamires Fortuna, lembrou o movimento \u201cMascarenhas meu Amor\u201d, da d\u00e9cada de 80, quando intelectuais reivindicaram que o Espa\u00e7o Mascarenhas fosse transformado em local de cultura, trazendo vida \u00e0 antiga f\u00e1brica t\u00eaxtil: \u201cAli aconteceram muitos eventos culturais importantes para a cidade. \u00c9 uma regi\u00e3o que tem a cultura na sua natureza\u201d, avaliou. \u201cAcredito que os projetos conseguiram se conectar com a ideia inicial do concurso, de promover no espa\u00e7o formas de conv\u00edvio social, retirando a correria que o Centro j\u00e1 traz, e trazendo um espa\u00e7o de aprendizado, cultura, de conhecer mais a hist\u00f3ria e o patrim\u00f4nio da cidade\u201d.<\/p>\n<p>Representando a dire\u00e7\u00e3o nacional do IAB, seu diretor sociocultural, Luiz Sarmento, falou da escolha da modalidade de \u201cconcurso p\u00fablico\u201d para requalifica\u00e7\u00e3o de espa\u00e7os do cidad\u00e3o: \u201cO IAB, que faz cem anos em janeiro, desde a funda\u00e7\u00e3o luta pelos concursos p\u00fablicos de projeto, forma mais democr\u00e1tica e eficaz de qualificar obras p\u00fablicas. Diferente das licita\u00e7\u00f5es tradicionais, a modalidade permite que a popula\u00e7\u00e3o analise o projeto antes de ser executado, colocando-o mais pr\u00f3ximo do cidad\u00e3o. Talvez o mais fant\u00e1stico seja a quantidade de pessoas participando. Neste, foram mais de cem propostas recebidas. Pessoas de todo o Brasil trabalhando para trazer a proposta mais qualificada para Juiz de Fora\u201d.<\/p>\n<p>Foram premiados, em primeiro lugar, a Equipe Austral Studio, de Curitiba (PR); em segundo, Pagus Arquitetura, tamb\u00e9m da capital do Paran\u00e1; e, em terceiro, Est\u00fadio+1, de S\u00e3o Paulo. Os escrit\u00f3rios receberam, simbolicamente, cheques de R$ 40 mil, R$ 20 mil e R$ 10 mil, respectivamente. Representando a Austral Est\u00fadio, o arquiteto Henrique Zulian apresentou a proposta ganhadora. Segundo ele, a concep\u00e7\u00e3o do anteprojeto considerou \u201ca rela\u00e7\u00e3o dos espa\u00e7os externos &#8211; da pra\u00e7a, do desenho da rua &#8211; com o patrim\u00f4nio &#8211; um edif\u00edcio com centro cultural, com uma biblioteca p\u00fablica e um mercado p\u00fablico. \u00c9 um apanhado de programas importantes para a cidade e muito bonitos em si, que geralmente contam muito da identidade, da hist\u00f3ria e da cultura de um local\u201d, ressaltou.<\/p>\n<p>\u201cA inten\u00e7\u00e3o foi de fortalecer o protagonismo de quem realmente \u00e9 o protagonista, o patrim\u00f4nio material e imaterial, trabalhando com quest\u00f5es culturais\u201d, explicou ele. \u201cDentro das edifica\u00e7\u00f5es, as interven\u00e7\u00f5es buscaram trabalhar de forma mais cir\u00fargica com a parte interna, al\u00e9m de tentar se adaptar a programas que pudessem ajudar no uso desses espa\u00e7os no entorno das edifica\u00e7\u00f5es, principalmente no per\u00edodo mais noturno, trazendo mais seguran\u00e7a, e o uso de diversas formas ao longo do dia\u201d.<\/p>\n<p>Em raz\u00e3o da pandemia de covid-19, a exposi\u00e7\u00e3o f\u00edsica dos projetos finalistas e men\u00e7\u00f5es honrosas do \u201cConcurso F\u00e1brica Mascarenhas\u201d foi adiada.<\/p>\n<p><strong>Fonte:\u00a0<\/strong>Assessoria<\/p>\n<p>&nbsp;<\/p>\n","protected":false},"excerpt":{"rendered":"<p>O primeiro passo para revitaliza\u00e7\u00e3o do Centro Hist\u00f3rico de Juiz de Fora foi consolidado nesta quarta-feira, 16, com o an\u00fancio e a premia\u00e7\u00e3o dos vencedores do concurso \u201cF\u00e1brica Mascarenhas\u201d, e assinatura do contrato, pelo prefeito Ant\u00f4nio Almas, com a equipe ganhadora, para elabora\u00e7\u00e3o dos projetos executivo e complementares de requalifica\u00e7\u00e3o do Espa\u00e7o Mascarenhas e da [&hellip;]<\/p>\n","protected":false},"author":96,"featured_media":175131,"comment_status":"closed","ping_status":"closed","sticky":false,"template":"","format":"standard","meta":{"footnotes":""},"categories":[256,436,439],"tags":[],"class_list":["post-175130","post","type-post","status-publish","format-standard","has-post-thumbnail","hentry","category-cultura","category-destaque-da-semana","category-ultima-hora"],"_links":{"self":[{"href":"https:\/\/diarioregionaldigital.com.br\/index.php?rest_route=\/wp\/v2\/posts\/175130","targetHints":{"allow":["GET"]}}],"collection":[{"href":"https:\/\/diarioregionaldigital.com.br\/index.php?rest_route=\/wp\/v2\/posts"}],"about":[{"href":"https:\/\/diarioregionaldigital.com.br\/index.php?rest_route=\/wp\/v2\/types\/post"}],"author":[{"embeddable":true,"href":"https:\/\/diarioregionaldigital.com.br\/index.php?rest_route=\/wp\/v2\/users\/96"}],"replies":[{"embeddable":true,"href":"https:\/\/diarioregionaldigital.com.br\/index.php?rest_route=%2Fwp%2Fv2%2Fcomments&post=175130"}],"version-history":[{"count":0,"href":"https:\/\/diarioregionaldigital.com.br\/index.php?rest_route=\/wp\/v2\/posts\/175130\/revisions"}],"wp:featuredmedia":[{"embeddable":true,"href":"https:\/\/diarioregionaldigital.com.br\/index.php?rest_route=\/wp\/v2\/media\/175131"}],"wp:attachment":[{"href":"https:\/\/diarioregionaldigital.com.br\/index.php?rest_route=%2Fwp%2Fv2%2Fmedia&parent=175130"}],"wp:term":[{"taxonomy":"category","embeddable":true,"href":"https:\/\/diarioregionaldigital.com.br\/index.php?rest_route=%2Fwp%2Fv2%2Fcategories&post=175130"},{"taxonomy":"post_tag","embeddable":true,"href":"https:\/\/diarioregionaldigital.com.br\/index.php?rest_route=%2Fwp%2Fv2%2Ftags&post=175130"}],"curies":[{"name":"wp","href":"https:\/\/api.w.org\/{rel}","templated":true}]}}