{"id":175127,"date":"2020-12-16T17:44:37","date_gmt":"2020-12-16T20:44:37","guid":{"rendered":"https:\/\/diarioregionaldigital.com.br\/?p=175127"},"modified":"2020-12-16T17:44:37","modified_gmt":"2020-12-16T20:44:37","slug":"settra-cria-baia-para-embarque-e-desembarque-no-parque-halfeld","status":"publish","type":"post","link":"https:\/\/diarioregionaldigital.com.br\/?p=175127","title":{"rendered":"Settra cria baia para embarque e desembarque no Parque Halfeld"},"content":{"rendered":"<p>A Secretaria de Transportes e Tr\u00e2nsito (Settra) da Prefeitura de Juiz de Fora (PJF) criou baia para embarque e desembarque no Parque Halfeld, liberada para utiliza\u00e7\u00e3o na manh\u00e3 desta quarta-feira, 16. O principal objetivo \u00e9 que os condutores utilizem essa \u00e1rea, prioritariamente, evitando, assim, cometer infra\u00e7\u00f5es por paradas proibidas.<\/p>\n<p>Estes locais podem ser utilizados por qualquer ve\u00edculo particular, al\u00e9m de t\u00e1xis e transporte por aplicativos. De acordo com o secret\u00e1rio de Transportes e Tr\u00e2nsito, Eduardo Facio, \u201c j\u00e1 existem outras vagas de embarque e desembarque na regi\u00e3o central, e tais medidas visam trazer mais conforto para a popula\u00e7\u00e3o&#8221;.<\/p>\n<p><strong>Fonte:\u00a0<\/strong>Assessoria<\/p>\n","protected":false},"excerpt":{"rendered":"<p>A Secretaria de Transportes e Tr\u00e2nsito (Settra) da Prefeitura de Juiz de Fora (PJF) criou baia para embarque e desembarque no Parque Halfeld, liberada para utiliza\u00e7\u00e3o na manh\u00e3 desta quarta-feira, 16. O principal objetivo \u00e9 que os condutores utilizem essa \u00e1rea, prioritariamente, evitando, assim, cometer infra\u00e7\u00f5es por paradas proibidas. Estes locais podem ser utilizados por [&hellip;]<\/p>\n","protected":false},"author":96,"featured_media":175128,"comment_status":"closed","ping_status":"closed","sticky":false,"template":"","format":"standard","meta":{"footnotes":""},"categories":[253,436,439],"tags":[],"class_list":["post-175127","post","type-post","status-publish","format-standard","has-post-thumbnail","hentry","category-cidade","category-destaque-da-semana","category-ultima-hora"],"_links":{"self":[{"href":"https:\/\/diarioregionaldigital.com.br\/index.php?rest_route=\/wp\/v2\/posts\/175127","targetHints":{"allow":["GET"]}}],"collection":[{"href":"https:\/\/diarioregionaldigital.com.br\/index.php?rest_route=\/wp\/v2\/posts"}],"about":[{"href":"https:\/\/diarioregionaldigital.com.br\/index.php?rest_route=\/wp\/v2\/types\/post"}],"author":[{"embeddable":true,"href":"https:\/\/diarioregionaldigital.com.br\/index.php?rest_route=\/wp\/v2\/users\/96"}],"replies":[{"embeddable":true,"href":"https:\/\/diarioregionaldigital.com.br\/index.php?rest_route=%2Fwp%2Fv2%2Fcomments&post=175127"}],"version-history":[{"count":0,"href":"https:\/\/diarioregionaldigital.com.br\/index.php?rest_route=\/wp\/v2\/posts\/175127\/revisions"}],"wp:featuredmedia":[{"embeddable":true,"href":"https:\/\/diarioregionaldigital.com.br\/index.php?rest_route=\/wp\/v2\/media\/175128"}],"wp:attachment":[{"href":"https:\/\/diarioregionaldigital.com.br\/index.php?rest_route=%2Fwp%2Fv2%2Fmedia&parent=175127"}],"wp:term":[{"taxonomy":"category","embeddable":true,"href":"https:\/\/diarioregionaldigital.com.br\/index.php?rest_route=%2Fwp%2Fv2%2Fcategories&post=175127"},{"taxonomy":"post_tag","embeddable":true,"href":"https:\/\/diarioregionaldigital.com.br\/index.php?rest_route=%2Fwp%2Fv2%2Ftags&post=175127"}],"curies":[{"name":"wp","href":"https:\/\/api.w.org\/{rel}","templated":true}]}}