{"id":175124,"date":"2020-12-16T17:42:01","date_gmt":"2020-12-16T20:42:01","guid":{"rendered":"https:\/\/diarioregionaldigital.com.br\/?p=175124"},"modified":"2020-12-16T17:42:01","modified_gmt":"2020-12-16T20:42:01","slug":"homem-suspeito-de-matar-esposa-a-facadas-e-condenado-a-20-anos-de-prisao","status":"publish","type":"post","link":"https:\/\/diarioregionaldigital.com.br\/?p=175124","title":{"rendered":"Homem suspeito de matar esposa a facadas \u00e9 condenado a 20 anos de pris\u00e3o"},"content":{"rendered":"<p><span style=\"font-weight: 400;\">Em julgamento realizado no F\u00f3rum Benjamin Colucci na ter\u00e7a-feira (15) e com j\u00fari popular presidido pelo juiz Paulo Trist\u00e3o, um homem de 38 anos, suspeito de matar sua esposa de 37, a facadas em junho deste ano, foi condenado a 20 anos de pris\u00e3o.\u00a0<\/span><\/p>\n<p><span style=\"font-weight: 400;\">O crime ocorreu no Bairro Marumbi (Regi\u00e3o Leste). Naquela ocasi\u00e3o, o casal tinha ido a uma festa. Ao retornarem para sua resid\u00eancia, o homem recebeu fotos em seu celular de uma mulher com o rosto coberto e foi constatado que seria sua esposa e por ci\u00fames lan\u00e7ou m\u00e3o de uma faca e a golpeou. A v\u00edtima passou por uma interven\u00e7\u00e3o cir\u00fargica no HPS, contudo, n\u00e3o resistiu aos ferimentos e veio a \u00f3bito.\u00a0<\/span><\/p>\n<p><span style=\"font-weight: 400;\">De acordo com a Pol\u00edcia Civil (PCMG), o filho do casal presenciou os fatos e o mesmo prestou depoimentos, assim como outras testemunhas.<\/span><\/p>\n<p><span style=\"font-weight: 400;\">Conforme a senten\u00e7a, o homem estava alcoolizado no dia do crime e ao receber a tal fotografia, confundiu com sua esposa. Ao entrar no quarto, ele passou a desferir golpes de faca contra a v\u00edtima. O documento aponta que a mulher teve sua boca fechada pelo suspeito, para que n\u00e3o gritasse por socorro. Ela teve ferimentos no rosto, nos bra\u00e7os, nas m\u00e3os e no cora\u00e7\u00e3o.\u00a0<\/span><\/p>\n<p><span style=\"font-weight: 400;\">Ap\u00f3s o ato, o indiv\u00edduo fugiu do local em uma motocicleta e o mesmo foi localizado no munic\u00edpio de Ch\u00e1cara. Segundo informa\u00e7\u00f5es do Delegado da Delegacia Especializada de Homic\u00eddios, Rodrigo Rolli, o homem confessou o crime.<\/span><\/p>\n<p><span style=\"font-weight: 400;\">Segundo relatos de uma parente da v\u00edtima, ela estava dormindo quando em um determinado momento, ouviu o sobrinho gritar que sua m\u00e3e estava sendo esfaqueada.\u00a0<\/span><\/p>\n<p><span style=\"font-weight: 400;\">Mediante aos fatos, o juiz Paulo Trist\u00e3o ficou a pena em 18 anos, pelo crime de feminic\u00eddio, como previsto no artigo 121 do C\u00f3digo Penal, mas foi reduzida em 3 anos, uma vez que o r\u00e9u confessou o crime. Posteriormente, a pena subiu para 20 anos em regime fechado, porque o crime ocorreu na frente do filho do casal. O rapaz n\u00e3o poder\u00e1 recorrer em liberdade e por conta da gravidade do caso, teve sua pris\u00e3o preventiva decretada.<\/span><\/p>\n","protected":false},"excerpt":{"rendered":"<p>Em julgamento realizado no F\u00f3rum Benjamin Colucci na ter\u00e7a-feira (15) e com j\u00fari popular presidido pelo juiz Paulo Trist\u00e3o, um homem de 38 anos, suspeito de matar sua esposa de 37, a facadas em junho deste ano, foi condenado a 20 anos de pris\u00e3o.\u00a0 O crime ocorreu no Bairro Marumbi (Regi\u00e3o Leste). Naquela ocasi\u00e3o, o [&hellip;]<\/p>\n","protected":false},"author":96,"featured_media":175125,"comment_status":"closed","ping_status":"closed","sticky":false,"template":"","format":"standard","meta":{"footnotes":""},"categories":[253,436,440,439],"tags":[],"class_list":["post-175124","post","type-post","status-publish","format-standard","has-post-thumbnail","hentry","category-cidade","category-destaque-da-semana","category-destaques-do-dia","category-ultima-hora"],"_links":{"self":[{"href":"https:\/\/diarioregionaldigital.com.br\/index.php?rest_route=\/wp\/v2\/posts\/175124","targetHints":{"allow":["GET"]}}],"collection":[{"href":"https:\/\/diarioregionaldigital.com.br\/index.php?rest_route=\/wp\/v2\/posts"}],"about":[{"href":"https:\/\/diarioregionaldigital.com.br\/index.php?rest_route=\/wp\/v2\/types\/post"}],"author":[{"embeddable":true,"href":"https:\/\/diarioregionaldigital.com.br\/index.php?rest_route=\/wp\/v2\/users\/96"}],"replies":[{"embeddable":true,"href":"https:\/\/diarioregionaldigital.com.br\/index.php?rest_route=%2Fwp%2Fv2%2Fcomments&post=175124"}],"version-history":[{"count":0,"href":"https:\/\/diarioregionaldigital.com.br\/index.php?rest_route=\/wp\/v2\/posts\/175124\/revisions"}],"wp:featuredmedia":[{"embeddable":true,"href":"https:\/\/diarioregionaldigital.com.br\/index.php?rest_route=\/wp\/v2\/media\/175125"}],"wp:attachment":[{"href":"https:\/\/diarioregionaldigital.com.br\/index.php?rest_route=%2Fwp%2Fv2%2Fmedia&parent=175124"}],"wp:term":[{"taxonomy":"category","embeddable":true,"href":"https:\/\/diarioregionaldigital.com.br\/index.php?rest_route=%2Fwp%2Fv2%2Fcategories&post=175124"},{"taxonomy":"post_tag","embeddable":true,"href":"https:\/\/diarioregionaldigital.com.br\/index.php?rest_route=%2Fwp%2Fv2%2Ftags&post=175124"}],"curies":[{"name":"wp","href":"https:\/\/api.w.org\/{rel}","templated":true}]}}