{"id":175121,"date":"2020-12-16T17:07:17","date_gmt":"2020-12-16T20:07:17","guid":{"rendered":"https:\/\/diarioregionaldigital.com.br\/?p=175121"},"modified":"2020-12-16T17:07:17","modified_gmt":"2020-12-16T20:07:17","slug":"atletas-juiz-foranos-priscila-macedo-e-gustavo-sanabio-ganham-medalhas-de-ouro-e-prata-no-campeonato-brasileiro-de-tiro-esportivo","status":"publish","type":"post","link":"https:\/\/diarioregionaldigital.com.br\/?p=175121","title":{"rendered":"Atletas juiz-foranos, Priscila Mac\u00eado e Gustavo Sanabio ganham medalhas de ouro e prata no Campeonato Brasileiro de Tiro Esportivo"},"content":{"rendered":"<p><span style=\"font-weight: 400;\">Em evento realizado no \u00faltimo fim de semana, o casal de Juiz de Fora, Priscila Macedo e Gustavo Sanabio, conquistaram medalhas de ouro e prata no Campeonato Brasileiro de Tiro Esportivo no Rio de Janeiro. A competi\u00e7\u00e3o marcou o anivers\u00e1rio de 100 anos das primeiras medalhas ol\u00edmpicas brasileiras na referida modalidade.\u00a0<\/span><\/p>\n<p><span style=\"font-weight: 400;\">Em prova no Centro Nacional de Tiro Esportivo, localizado em Deodoro, Priscila levou a melhor na Fossa Ol\u00edmpica e na Fossa Ol\u00edmpica Light, enquanto que Gustavo ficou com a prata na categoria Fossa Ol\u00edmpica, na qual o atleta atira em pratos em movimento, e na Fossa Light individual e por equipes. O casal agora se prepara para obter vaga nos Jogos Ol\u00edmpicos de Paris em 2024.<\/span><\/p>\n","protected":false},"excerpt":{"rendered":"<p>Em evento realizado no \u00faltimo fim de semana, o casal de Juiz de Fora, Priscila Macedo e Gustavo Sanabio, conquistaram medalhas de ouro e prata no Campeonato Brasileiro de Tiro Esportivo no Rio de Janeiro. A competi\u00e7\u00e3o marcou o anivers\u00e1rio de 100 anos das primeiras medalhas ol\u00edmpicas brasileiras na referida modalidade.\u00a0 Em prova no Centro [&hellip;]<\/p>\n","protected":false},"author":96,"featured_media":175122,"comment_status":"closed","ping_status":"closed","sticky":false,"template":"","format":"standard","meta":{"footnotes":""},"categories":[436,257,439],"tags":[],"class_list":["post-175121","post","type-post","status-publish","format-standard","has-post-thumbnail","hentry","category-destaque-da-semana","category-esporte","category-ultima-hora"],"_links":{"self":[{"href":"https:\/\/diarioregionaldigital.com.br\/index.php?rest_route=\/wp\/v2\/posts\/175121","targetHints":{"allow":["GET"]}}],"collection":[{"href":"https:\/\/diarioregionaldigital.com.br\/index.php?rest_route=\/wp\/v2\/posts"}],"about":[{"href":"https:\/\/diarioregionaldigital.com.br\/index.php?rest_route=\/wp\/v2\/types\/post"}],"author":[{"embeddable":true,"href":"https:\/\/diarioregionaldigital.com.br\/index.php?rest_route=\/wp\/v2\/users\/96"}],"replies":[{"embeddable":true,"href":"https:\/\/diarioregionaldigital.com.br\/index.php?rest_route=%2Fwp%2Fv2%2Fcomments&post=175121"}],"version-history":[{"count":0,"href":"https:\/\/diarioregionaldigital.com.br\/index.php?rest_route=\/wp\/v2\/posts\/175121\/revisions"}],"wp:featuredmedia":[{"embeddable":true,"href":"https:\/\/diarioregionaldigital.com.br\/index.php?rest_route=\/wp\/v2\/media\/175122"}],"wp:attachment":[{"href":"https:\/\/diarioregionaldigital.com.br\/index.php?rest_route=%2Fwp%2Fv2%2Fmedia&parent=175121"}],"wp:term":[{"taxonomy":"category","embeddable":true,"href":"https:\/\/diarioregionaldigital.com.br\/index.php?rest_route=%2Fwp%2Fv2%2Fcategories&post=175121"},{"taxonomy":"post_tag","embeddable":true,"href":"https:\/\/diarioregionaldigital.com.br\/index.php?rest_route=%2Fwp%2Fv2%2Ftags&post=175121"}],"curies":[{"name":"wp","href":"https:\/\/api.w.org\/{rel}","templated":true}]}}