{"id":175117,"date":"2020-12-16T16:57:20","date_gmt":"2020-12-16T19:57:20","guid":{"rendered":"https:\/\/diarioregionaldigital.com.br\/?p=175117"},"modified":"2020-12-16T16:57:36","modified_gmt":"2020-12-16T19:57:36","slug":"japones-yuki-tsunoda-e-anunciado-na-alpha-tauri-e-e-mais-um-estreante-na-f1","status":"publish","type":"post","link":"https:\/\/diarioregionaldigital.com.br\/?p=175117","title":{"rendered":"Japon\u00eas Yuki Tsunoda \u00e9 anunciado na Alpha Tauri e \u00e9 mais um estreante na F1"},"content":{"rendered":"<p><span style=\"font-weight: 400;\">A Alpha Tauri \u00e9 mais uma equipe no grid da F1, a confirmar sua dupla de pilotos. Nessa quarta-feira (16), a equipe italiana anunciou o japon\u00eas Yuki Tsunoda, 20 anos e \u00e9 mais um piloto estreante na categoria, junto com Mick Schumacher e Nikita Mazepin. Diante disso, ele ser\u00e1 companheiro de Pierre Gasly.<\/span><\/p>\n<p><span style=\"font-weight: 400;\">Inclusive, Yuki recoloca o Jap\u00e3o no grid, desde Kamui Kobayashi pela extinta Caterham em 2014, sendo assim o 21\u00ba nip\u00f4nico a correr na principal categoria do automobilismo mundial.<\/span><\/p>\n<p><span style=\"font-weight: 400;\">Ap\u00f3s o an\u00fancio oficial, o jovem piloto comentou sobre sua chegada \u00e0 F1 e tra\u00e7a objetivos em sua trajet\u00f3ria:<\/span><\/p>\n<p><span style=\"font-weight: 400;\">&#8220;Como a maioria dos pilotos de corrida, sempre foi meu objetivo correr na F1, ent\u00e3o estou muito feliz com essa not\u00edcia. Quero agradecer \u00e0 Scuderia AlphaTauri, Red Bull e Dr. Marko por me darem essa oportunidade, e, claro, todos da Honda, por todo o apoio at\u00e9 agora na minha carreira, me dando grandes oportunidades de correr na Europa.Devo agradecer tamb\u00e9m \u00e0s equipes com as quais corri para chegar a esse ponto, especialmente Carlin, com quem aprendi tanto este ano. Eu percebo que vou carregar as esperan\u00e7as de muitos f\u00e3s japoneses de F1 no pr\u00f3ximo ano e farei o meu melhor por eles tamb\u00e9m.&#8221;<\/span><\/p>\n<p><span style=\"font-weight: 400;\">J\u00e1 o chefe da Alpha Tauri, Franz Tost, conta que observou o desempenho de Tsunoda durante a temporada na F2 e relembra o teste feito no ano de 2018:<\/span><\/p>\n<p><span style=\"font-weight: 400;\">Observando-o na F\u00f3rmula 2 este ano, ele demonstrou a mistura certa de agressividade nas corridas e bom entendimento t\u00e9cnico. Durante o teste em \u00cdmola, em novembro, quando ele dirigiu nosso carro de 2018, seus tempos de volta foram muito consistentes durante uma simula\u00e7\u00e3o de corrida, ele progrediu ao longo do dia e deu aos nossos engenheiros um feedback \u00fatil. Al\u00e9m disso, sua integra\u00e7\u00e3o com os engenheiros da Honda tem sido perfeita, o que certamente ajuda. No teste em Abu Dhabi esta semana, ele provou ser um aprendiz r\u00e1pido e que est\u00e1 pronto para dar o passo para a F\u00f3rmula 1.&#8221;<\/span><\/p>\n<p><b>Carreira nas categorias de base<\/b><\/p>\n<p><span style=\"font-weight: 400;\">Formado na Escola de Jovens Pilotos da Red Bull, Tsunoda foi campe\u00e3o japon\u00eas de F4 em 2018. No ano seguinte, terminou em nono na F3. Foi um dos destaques da temporada 2020 da F2, obtendo tr\u00eas vit\u00f3rias e marcou 200 pontos.<\/span><\/p>\n<p><b>Japoneses com passagens na F1<\/b><\/p>\n<ul>\n<li style=\"font-weight: 400;\" aria-level=\"1\"><span style=\"font-weight: 400;\">Hiroshi Fushida (1975)<\/span><\/li>\n<li style=\"font-weight: 400;\" aria-level=\"1\"><span style=\"font-weight: 400;\">Masahiro Hasemi (1976)<\/span><\/li>\n<li style=\"font-weight: 400;\" aria-level=\"1\"><span style=\"font-weight: 400;\">Masami Kuwashima (1976)<\/span><\/li>\n<li style=\"font-weight: 400;\" aria-level=\"1\"><span style=\"font-weight: 400;\">Kazuyoshi Hoshino (1976\/1977)<\/span><\/li>\n<li style=\"font-weight: 400;\" aria-level=\"1\"><span style=\"font-weight: 400;\">Noritake Takahara (1976\/1977)<\/span><\/li>\n<li style=\"font-weight: 400;\" aria-level=\"1\"><span style=\"font-weight: 400;\">Kunimitsu Takahashi (1977)<\/span><\/li>\n<li style=\"font-weight: 400;\" aria-level=\"1\"><span style=\"font-weight: 400;\">Satoru Nakajima (1987 a 1991)<\/span><\/li>\n<li style=\"font-weight: 400;\" aria-level=\"1\"><span style=\"font-weight: 400;\">Aguri Suzuki (1988 a 1995)<\/span><\/li>\n<li style=\"font-weight: 400;\" aria-level=\"1\"><span style=\"font-weight: 400;\">Naoki Hattori (1991)<\/span><\/li>\n<li style=\"font-weight: 400;\" aria-level=\"1\"><span style=\"font-weight: 400;\">Ukyo Katayama (1992 a 1997)<\/span><\/li>\n<li style=\"font-weight: 400;\" aria-level=\"1\"><span style=\"font-weight: 400;\">Toshio Suzuki (1993)<\/span><\/li>\n<li style=\"font-weight: 400;\" aria-level=\"1\"><span style=\"font-weight: 400;\">Hideki Noda (1994)<\/span><\/li>\n<li style=\"font-weight: 400;\" aria-level=\"1\"><span style=\"font-weight: 400;\">Taki Inoue (1994\/1995)<\/span><\/li>\n<li style=\"font-weight: 400;\" aria-level=\"1\"><span style=\"font-weight: 400;\">Shinji Nakano (1997\/1998)<\/span><\/li>\n<li style=\"font-weight: 400;\" aria-level=\"1\"><span style=\"font-weight: 400;\">Toranosuke Takagi (1998\/1999)<\/span><\/li>\n<li style=\"font-weight: 400;\" aria-level=\"1\"><span style=\"font-weight: 400;\">Takuma Sato (2002 a 2008)<\/span><\/li>\n<li style=\"font-weight: 400;\" aria-level=\"1\"><span style=\"font-weight: 400;\">Yuji Ide (2006)<\/span><\/li>\n<li style=\"font-weight: 400;\" aria-level=\"1\"><span style=\"font-weight: 400;\">Sakon Yamamoto (2006\/2007 e 2010)<\/span><\/li>\n<li style=\"font-weight: 400;\" aria-level=\"1\"><span style=\"font-weight: 400;\">Kazuki Nakajima (2007 a 2009)<\/span><\/li>\n<li style=\"font-weight: 400;\" aria-level=\"1\"><span style=\"font-weight: 400;\">Kamui Kobayashi (2009 a 2012 e 2014)<\/span><\/li>\n<li style=\"font-weight: 400;\" aria-level=\"1\"><span style=\"font-weight: 400;\">Yuki Tsunoda (2021)<\/span><\/li>\n<\/ul>\n","protected":false},"excerpt":{"rendered":"<p>A Alpha Tauri \u00e9 mais uma equipe no grid da F1, a confirmar sua dupla de pilotos. Nessa quarta-feira (16), a equipe italiana anunciou o japon\u00eas Yuki Tsunoda, 20 anos e \u00e9 mais um piloto estreante na categoria, junto com Mick Schumacher e Nikita Mazepin. Diante disso, ele ser\u00e1 companheiro de Pierre Gasly. Inclusive, Yuki [&hellip;]<\/p>\n","protected":false},"author":96,"featured_media":175118,"comment_status":"closed","ping_status":"closed","sticky":false,"template":"","format":"standard","meta":{"footnotes":""},"categories":[436,257,439],"tags":[],"class_list":["post-175117","post","type-post","status-publish","format-standard","has-post-thumbnail","hentry","category-destaque-da-semana","category-esporte","category-ultima-hora"],"_links":{"self":[{"href":"https:\/\/diarioregionaldigital.com.br\/index.php?rest_route=\/wp\/v2\/posts\/175117","targetHints":{"allow":["GET"]}}],"collection":[{"href":"https:\/\/diarioregionaldigital.com.br\/index.php?rest_route=\/wp\/v2\/posts"}],"about":[{"href":"https:\/\/diarioregionaldigital.com.br\/index.php?rest_route=\/wp\/v2\/types\/post"}],"author":[{"embeddable":true,"href":"https:\/\/diarioregionaldigital.com.br\/index.php?rest_route=\/wp\/v2\/users\/96"}],"replies":[{"embeddable":true,"href":"https:\/\/diarioregionaldigital.com.br\/index.php?rest_route=%2Fwp%2Fv2%2Fcomments&post=175117"}],"version-history":[{"count":0,"href":"https:\/\/diarioregionaldigital.com.br\/index.php?rest_route=\/wp\/v2\/posts\/175117\/revisions"}],"wp:featuredmedia":[{"embeddable":true,"href":"https:\/\/diarioregionaldigital.com.br\/index.php?rest_route=\/wp\/v2\/media\/175118"}],"wp:attachment":[{"href":"https:\/\/diarioregionaldigital.com.br\/index.php?rest_route=%2Fwp%2Fv2%2Fmedia&parent=175117"}],"wp:term":[{"taxonomy":"category","embeddable":true,"href":"https:\/\/diarioregionaldigital.com.br\/index.php?rest_route=%2Fwp%2Fv2%2Fcategories&post=175117"},{"taxonomy":"post_tag","embeddable":true,"href":"https:\/\/diarioregionaldigital.com.br\/index.php?rest_route=%2Fwp%2Fv2%2Ftags&post=175117"}],"curies":[{"name":"wp","href":"https:\/\/api.w.org\/{rel}","templated":true}]}}