{"id":175114,"date":"2020-12-16T15:19:36","date_gmt":"2020-12-16T18:19:36","guid":{"rendered":"https:\/\/diarioregionaldigital.com.br\/?p=175114"},"modified":"2020-12-16T15:19:36","modified_gmt":"2020-12-16T18:19:36","slug":"sel-divulga-semifinalistas-do-desafio-das-embaixadinhas","status":"publish","type":"post","link":"https:\/\/diarioregionaldigital.com.br\/?p=175114","title":{"rendered":"SEL divulga semifinalistas do \u201cDesafio das Embaixadinhas\u201d"},"content":{"rendered":"<p><span style=\"font-weight: 400;\">A Secretaria de Esporte e Lazer (SEL) da Prefeitura de Juiz de Fora (PJF) divulgou, na tarde de ter\u00e7a-feira (15), o resultado do &#8220;Desafio Virtual das Embaixadinhas&#8221;. A SEL recebeu mais de 40 v\u00eddeos de meninos e meninas buscando a supera\u00e7\u00e3o e mostrando habilidade nas embaixadinhas, nas categorias sub-11 e sub-15. Al\u00e9m do n\u00famero de embaixadinhas, o regulamento do evento contou com o crit\u00e9rio de desempate, que deu alguns pontos a mais para os mais novos de cada categoria. Confira os semifinalistas:<\/span><\/p>\n<p><b>Sub-11<\/b><\/p>\n<p><span style=\"font-weight: 400;\">1\u00ba Lugar &#8211; WELTON BRUNO XAVIER DA ROCHA JR. &#8211; Nascido em 2012 (+ 7 pontos de bonifica\u00e7\u00e3o) 483 embaixadinhas<\/span><\/p>\n<p><span style=\"font-weight: 400;\">2\u00ba Lugar &#8211; RHAJE TEODORO CANT\u00c3O &#8211; Nascido em 2010 (+ 5 pontos de bonifica\u00e7\u00e3o) &#8211; 419 embaixadinhas<\/span><\/p>\n<p><span style=\"font-weight: 400;\">3\u00ba Lugar &#8211; MARCOS VIN\u00cdCIUS COSTA ALMEIDA &#8211; Nascido em 2009 (+ 4 pontos de bonifica\u00e7\u00e3o) &#8211; 341<\/span><\/p>\n<p><span style=\"font-weight: 400;\">embaixadinhas<\/span><\/p>\n<p><span style=\"font-weight: 400;\">4\u00ba Lugar &#8211; KADU COELHO CANCELA &#8211; Nascido em 2010 (+ 5 pontos de bonifica\u00e7\u00e3o) &#8211; 109 embaixadinhas<\/span><\/p>\n<p><span style=\"font-weight: 400;\">5\u00ba Lugar &#8211; HENZO BRYAN FREITAS BRITO &#8211; Nascido em 2012 (+ 7 pontos de bonifica\u00e7\u00e3o) &#8211; 106 embaixadinhas<\/span><\/p>\n<p><span style=\"font-weight: 400;\">6\u00ba Lugar &#8211; FELIPE BELO DE SOUZA &#8211; Nascido em 2010 (+ 5 pontos de bonifica\u00e7\u00e3o) &#8211; 67 embaixadinhas<\/span><\/p>\n<p><span style=\"font-weight: 400;\">7\u00ba Lugar &#8211; DAVI MERGH FINAMORE PARATELLA &#8211; Nascido em 2010 (+ 5 pontos de bonifica\u00e7\u00e3o) &#8211; 49 embaixadinhas<\/span><\/p>\n<p><b>Sub-15<\/b><\/p>\n<p><span style=\"font-weight: 400;\">1\u00ba Lugar &#8211; JO\u00c3O MENEZES &#8211; Nascido em 2006 (+ 2 pontos de bonifica\u00e7\u00e3o) &#8211; 522 embaixadinhas<\/span><\/p>\n<p><span style=\"font-weight: 400;\">2\u00ba Lugar &#8211; GABRIEL \u201cCABELEIRA\u201d &#8211; Nascido em 2005 (+ 1 pontos de bonifica\u00e7\u00e3o) &#8211; 521 embaixadinhas<\/span><\/p>\n<p><span style=\"font-weight: 400;\">3\u00ba Lugar &#8211; DANIEL CRISTOV\u00c3O SILVA &#8211; Nascido em 2005 (+ 1 pontos de bonifica\u00e7\u00e3o) &#8211; 408 embaixadinhas<\/span><\/p>\n<p><span style=\"font-weight: 400;\">4\u00ba Lugar &#8211; MATHEUS DE SOUZA OLIVEIRA SILVA &#8211; Nascido em 2005 (+ 1 pontos de bonifica\u00e7\u00e3o) &#8211; 125 embaixadinhas<\/span><\/p>\n<p><span style=\"font-weight: 400;\">5\u00ba Lugar &#8211; VYCTOR HUGO DIAS DE CASTRO &#8211; Nascido em 2008 (+ 4 pontos de bonifica\u00e7\u00e3o) &#8211; 106 embaixadinhas<\/span><\/p>\n<p><span style=\"font-weight: 400;\">6\u00ba Lugar &#8211; VIT\u00d3RIA APARECIDA OLIVEIRA &#8211; Nascida em 2007 (+ 3 pontos de bonifica\u00e7\u00e3o) &#8211; 103 embaixadinhas<\/span><\/p>\n<p><span style=\"font-weight: 400;\">Os professores do Departamento de Organiza\u00e7\u00e3o, Promo\u00e7\u00e3o e Execu\u00e7\u00e3o de Eventos de Esporte e Lazer (Dopeel) assistiram aos v\u00eddeos diversas vezes para contabilizar as milhares de embaixadinhas realizadas pelos participantes. O resultado completo est\u00e1 no documento abaixo. O prazo para contesta\u00e7\u00e3o do resultado \u00e9 at\u00e9 esta quarta-feira, 16, \u00e0s 16 horas, atrav\u00e9s do e-mail gesportelazer@pjf.mg.gov.br ou dos telefone 3690-7856 e (32) 98839-8245 (whatsapp).<\/span><\/p>\n<p><b>Regras e hor\u00e1rios das semifinais<\/b><\/p>\n<p><span style=\"font-weight: 400;\">As semifinais e finais ser\u00e3o realizadas presencialmente, na quinta-feira, 17, no gin\u00e1sio da SEL, na Rua Cust\u00f3dio Trist\u00e3o, 11, Santa Terezinha. Cada atleta poder\u00e1 ser acompanhado por apenas uma pessoa, maior de idade, familiar ou professor, que dever\u00e1 seguir as regras de preven\u00e7\u00e3o ao coronav\u00edrus, com uso de m\u00e1scara, \u00e1lcool gel e distanciamento social. O gin\u00e1sio \u00e9 amplo, mas, para evitar aglomera\u00e7\u00e3o, a semifinal e final da categoria sub-11 ser\u00e1 realizada \u00e0s 9h30, e, da sub-15, \u00e0s 15 horas. As bolas ser\u00e3o fornecidas pela Coordena\u00e7\u00e3o, sendo a n\u00ba 4 para sub-11 e n\u00ba 5 para sub-15. Os competidores dever\u00e3o estar cal\u00e7ados com t\u00eanis e usando m\u00e1scara durante todo o tempo, at\u00e9 o momento da apresenta\u00e7\u00e3o.<\/span><\/p>\n<p><span style=\"font-weight: 400;\">Cada atleta ter\u00e1 novamente o tempo de quatro minutos para se apresentar. Ser\u00e1 computado o n\u00famero absoluto de embaixadas. Caso haja empate, haver\u00e1 mais dois minutos de prorroga\u00e7\u00e3o para desempate. Valer\u00e1 o que fizer o maior n\u00famero de embaixadas. Tr\u00eas concorrentes avan\u00e7am para a final, que acontecer\u00e1 logo em seguida, com as mesmas regras. Os vencedores levam para casa trof\u00e9u, medalha, camisa, bon\u00e9 e squeeze. Os pr\u00eamios foram ofertados pelo Grupo Bahamas.<\/span><\/p>\n<p><strong>Fonte:<\/strong> Assessoria<\/p>\n","protected":false},"excerpt":{"rendered":"<p>A Secretaria de Esporte e Lazer (SEL) da Prefeitura de Juiz de Fora (PJF) divulgou, na tarde de ter\u00e7a-feira (15), o resultado do &#8220;Desafio Virtual das Embaixadinhas&#8221;. A SEL recebeu mais de 40 v\u00eddeos de meninos e meninas buscando a supera\u00e7\u00e3o e mostrando habilidade nas embaixadinhas, nas categorias sub-11 e sub-15. Al\u00e9m do n\u00famero de [&hellip;]<\/p>\n","protected":false},"author":96,"featured_media":175115,"comment_status":"closed","ping_status":"closed","sticky":false,"template":"","format":"standard","meta":{"footnotes":""},"categories":[436,257,439],"tags":[],"class_list":["post-175114","post","type-post","status-publish","format-standard","has-post-thumbnail","hentry","category-destaque-da-semana","category-esporte","category-ultima-hora"],"_links":{"self":[{"href":"https:\/\/diarioregionaldigital.com.br\/index.php?rest_route=\/wp\/v2\/posts\/175114","targetHints":{"allow":["GET"]}}],"collection":[{"href":"https:\/\/diarioregionaldigital.com.br\/index.php?rest_route=\/wp\/v2\/posts"}],"about":[{"href":"https:\/\/diarioregionaldigital.com.br\/index.php?rest_route=\/wp\/v2\/types\/post"}],"author":[{"embeddable":true,"href":"https:\/\/diarioregionaldigital.com.br\/index.php?rest_route=\/wp\/v2\/users\/96"}],"replies":[{"embeddable":true,"href":"https:\/\/diarioregionaldigital.com.br\/index.php?rest_route=%2Fwp%2Fv2%2Fcomments&post=175114"}],"version-history":[{"count":0,"href":"https:\/\/diarioregionaldigital.com.br\/index.php?rest_route=\/wp\/v2\/posts\/175114\/revisions"}],"wp:featuredmedia":[{"embeddable":true,"href":"https:\/\/diarioregionaldigital.com.br\/index.php?rest_route=\/wp\/v2\/media\/175115"}],"wp:attachment":[{"href":"https:\/\/diarioregionaldigital.com.br\/index.php?rest_route=%2Fwp%2Fv2%2Fmedia&parent=175114"}],"wp:term":[{"taxonomy":"category","embeddable":true,"href":"https:\/\/diarioregionaldigital.com.br\/index.php?rest_route=%2Fwp%2Fv2%2Fcategories&post=175114"},{"taxonomy":"post_tag","embeddable":true,"href":"https:\/\/diarioregionaldigital.com.br\/index.php?rest_route=%2Fwp%2Fv2%2Ftags&post=175114"}],"curies":[{"name":"wp","href":"https:\/\/api.w.org\/{rel}","templated":true}]}}