{"id":175108,"date":"2020-12-16T14:49:03","date_gmt":"2020-12-16T17:49:03","guid":{"rendered":"https:\/\/diarioregionaldigital.com.br\/?p=175108"},"modified":"2020-12-16T14:49:03","modified_gmt":"2020-12-16T17:49:03","slug":"cadastramento-de-pre-escola-e-prorrogado-ate-sexta-feira","status":"publish","type":"post","link":"https:\/\/diarioregionaldigital.com.br\/?p=175108","title":{"rendered":"Cadastramento de pr\u00e9-escola \u00e9 prorrogado at\u00e9 sexta-feira"},"content":{"rendered":"<p><span style=\"font-weight: 400;\">A Secretaria de Educa\u00e7\u00e3o (SE) da Prefeitura de Juiz de Fora (PJF) prorrogou o prazo do Cadastramento 2021 para a pr\u00e9-escola at\u00e9 sexta-feira, 18. Os pais ou respons\u00e1veis por crian\u00e7as que completar\u00e3o quatro ou cinco anos at\u00e9 31 de mar\u00e7o de 2021, que desejam ingressar nas escolas p\u00fablicas da Rede Municipal de Ensino, e as matriculadas em creches p\u00fablicas ou conveniadas, que n\u00e3o ofere\u00e7am continuidade na pr\u00e9-escola, dever\u00e3o realizar inscri\u00e7\u00e3o, preenchendo formul\u00e1rio online at\u00e9 a data prorrogada.<\/span><\/p>\n<p><span style=\"font-weight: 400;\">No processo de preenchimento do cadastramento s\u00e3o necess\u00e1rios dados dos seguintes documentos:<\/span><\/p>\n<p><span style=\"font-weight: 400;\">&#8211; certid\u00e3o de nascimento do aluno;<\/span><\/p>\n<p><span style=\"font-weight: 400;\">&#8211; comprovante de resid\u00eancia (conta de luz, \u00e1gua ou telefone);<\/span><\/p>\n<p><span style=\"font-weight: 400;\">&#8211; carteira de identidade do respons\u00e1vel legal;<\/span><\/p>\n<p><span style=\"font-weight: 400;\">&#8211; comprovante do recebimento do Bolsa Fam\u00edlia, caso tenha;<\/span><\/p>\n<p><span style=\"font-weight: 400;\">&#8211; declara\u00e7\u00e3o, caso a crian\u00e7a tenha alguma defici\u00eancia.<\/span><\/p>\n<p><span style=\"font-weight: 400;\">O resultado estar\u00e1 dispon\u00edvel em 15 de janeiro de 2021, pelo site da Prefeitura. O cadastramento escolar serve para organizar a demanda que ser\u00e1 atendida na rede municipal em 2021. Al\u00e9m disso, o processo garante vaga em escola pr\u00f3xima \u00e0 resid\u00eancia do usu\u00e1rio. A inscri\u00e7\u00e3o, por\u00e9m, n\u00e3o substitui a matr\u00edcula, que dever\u00e1 ser realizada no in\u00edcio de 2021, para a efetiva\u00e7\u00e3o da vaga.<\/span><\/p>\n<p><span style=\"font-weight: 400;\">A matr\u00edcula dever\u00e1 ser realizada atrav\u00e9s de agendamento na institui\u00e7\u00e3o \u00e0 qual a crian\u00e7a for contemplada com a vaga, conforme o ato do cadastramento. E ser\u00e1 entre 18 e 29 de janeiro de 2021.<\/span><\/p>\n<p><strong>Fonte:<\/strong> Assessoria<\/p>\n","protected":false},"excerpt":{"rendered":"<p>A Secretaria de Educa\u00e7\u00e3o (SE) da Prefeitura de Juiz de Fora (PJF) prorrogou o prazo do Cadastramento 2021 para a pr\u00e9-escola at\u00e9 sexta-feira, 18. Os pais ou respons\u00e1veis por crian\u00e7as que completar\u00e3o quatro ou cinco anos at\u00e9 31 de mar\u00e7o de 2021, que desejam ingressar nas escolas p\u00fablicas da Rede Municipal de Ensino, e as [&hellip;]<\/p>\n","protected":false},"author":96,"featured_media":175109,"comment_status":"closed","ping_status":"closed","sticky":false,"template":"","format":"standard","meta":{"footnotes":""},"categories":[436,254,439],"tags":[],"class_list":["post-175108","post","type-post","status-publish","format-standard","has-post-thumbnail","hentry","category-destaque-da-semana","category-politica","category-ultima-hora"],"_links":{"self":[{"href":"https:\/\/diarioregionaldigital.com.br\/index.php?rest_route=\/wp\/v2\/posts\/175108","targetHints":{"allow":["GET"]}}],"collection":[{"href":"https:\/\/diarioregionaldigital.com.br\/index.php?rest_route=\/wp\/v2\/posts"}],"about":[{"href":"https:\/\/diarioregionaldigital.com.br\/index.php?rest_route=\/wp\/v2\/types\/post"}],"author":[{"embeddable":true,"href":"https:\/\/diarioregionaldigital.com.br\/index.php?rest_route=\/wp\/v2\/users\/96"}],"replies":[{"embeddable":true,"href":"https:\/\/diarioregionaldigital.com.br\/index.php?rest_route=%2Fwp%2Fv2%2Fcomments&post=175108"}],"version-history":[{"count":0,"href":"https:\/\/diarioregionaldigital.com.br\/index.php?rest_route=\/wp\/v2\/posts\/175108\/revisions"}],"wp:featuredmedia":[{"embeddable":true,"href":"https:\/\/diarioregionaldigital.com.br\/index.php?rest_route=\/wp\/v2\/media\/175109"}],"wp:attachment":[{"href":"https:\/\/diarioregionaldigital.com.br\/index.php?rest_route=%2Fwp%2Fv2%2Fmedia&parent=175108"}],"wp:term":[{"taxonomy":"category","embeddable":true,"href":"https:\/\/diarioregionaldigital.com.br\/index.php?rest_route=%2Fwp%2Fv2%2Fcategories&post=175108"},{"taxonomy":"post_tag","embeddable":true,"href":"https:\/\/diarioregionaldigital.com.br\/index.php?rest_route=%2Fwp%2Fv2%2Ftags&post=175108"}],"curies":[{"name":"wp","href":"https:\/\/api.w.org\/{rel}","templated":true}]}}