{"id":175105,"date":"2020-12-16T14:40:17","date_gmt":"2020-12-16T17:40:17","guid":{"rendered":"https:\/\/diarioregionaldigital.com.br\/?p=175105"},"modified":"2020-12-16T14:40:17","modified_gmt":"2020-12-16T17:40:17","slug":"tusmil-tem-responsabilidade-solidaria-perante-pagamento-dos-funcionarios-da-gil-segundo-trt","status":"publish","type":"post","link":"https:\/\/diarioregionaldigital.com.br\/?p=175105","title":{"rendered":"Tusmil tem &#8216;responsabilidade solid\u00e1ria&#8217; perante pagamento dos funcion\u00e1rios da GIL, segundo TRT"},"content":{"rendered":"<p><span style=\"font-weight: 400;\">Em decis\u00e3o publicada pelo Tribunal Regional do Trabalho da 3\u00aa Regi\u00e3o (TRT-3), na ter\u00e7a-feira (15), o juiz Thiago Saco Ferreira, considerou que a Sociedade Empres\u00e1ria Transporte Urbano S\u00e3o Miguel Ltda (Tusmil), tem \u2018responsabilidade solid\u00e1ria\u2019 na quest\u00e3o do pagamento dos sal\u00e1rios dos funcion\u00e1rios da Goretti Irm\u00e3os Ltda (GIL).\u00a0<\/span><\/p>\n<p><span style=\"font-weight: 400;\">Na vis\u00e3o do TRT-3, ambas as empresas foram intimadas a quitar as d\u00edvidas de aproximadamente 600 trabalhadores. A a\u00e7\u00e3o foi feita pelo Sindicato dos Trabalhadores em Empresas de Transporte Coletivo Urbano de Juiz de Fora (Sinttro-JF) e cabe recurso.<\/span><\/p>\n<p><span style=\"font-weight: 400;\">Desde o dia 1\u00ba deste m\u00eas, a Tusmil circula pelas linhas operadas pela GIL. A medida \u00e9 por tempo indeterminado, uma vez que as duas companhias fazem parte do cons\u00f3rcio Manchester.<\/span><\/p>\n<p><b>Situa\u00e7\u00e3o na GIL<\/b><\/p>\n<p><span style=\"font-weight: 400;\">Durante todo o m\u00eas de novembro, os funcion\u00e1rios da GIL, junto com a Settra e o Sindicato, estiveram em diversas reuni\u00f5es com o Minist\u00e9rio P\u00fablico do Trabalho (MPT), por\u00e9m nenhuma das partes chegaram a um acordo.<\/span><\/p>\n<p><span style=\"font-weight: 400;\">Al\u00e9m disso, o Sinttro fez a proposta do Programa de Demiss\u00e3o Volunt\u00e1ria (PDV), para os trabalhadores, como forma de receber os d\u00e9bitos pendentes. Entretanto, nada foi definido at\u00e9 o momento.\u00a0<\/span><\/p>\n<p><span style=\"font-weight: 400;\">Na quarta-feira (25), a Pol\u00edcia Militar (PM), compareceu \u00e0 garagem da empresa, em decorr\u00eancia de uma confus\u00e3o no local. Segundo o vice-presidente do Sinttro, Claudinei Janeiro, os funcion\u00e1rios teriam tido conhecimento sobre rumores de fal\u00eancia da GIL. A Settra no entanto, diz n\u00e3o ter recebido documento oficial sobre o caso.<\/span><\/p>\n","protected":false},"excerpt":{"rendered":"<p>Em decis\u00e3o publicada pelo Tribunal Regional do Trabalho da 3\u00aa Regi\u00e3o (TRT-3), na ter\u00e7a-feira (15), o juiz Thiago Saco Ferreira, considerou que a Sociedade Empres\u00e1ria Transporte Urbano S\u00e3o Miguel Ltda (Tusmil), tem \u2018responsabilidade solid\u00e1ria\u2019 na quest\u00e3o do pagamento dos sal\u00e1rios dos funcion\u00e1rios da Goretti Irm\u00e3os Ltda (GIL).\u00a0 Na vis\u00e3o do TRT-3, ambas as empresas foram [&hellip;]<\/p>\n","protected":false},"author":96,"featured_media":175106,"comment_status":"closed","ping_status":"closed","sticky":false,"template":"","format":"standard","meta":{"footnotes":""},"categories":[253,436,440,439],"tags":[],"class_list":["post-175105","post","type-post","status-publish","format-standard","has-post-thumbnail","hentry","category-cidade","category-destaque-da-semana","category-destaques-do-dia","category-ultima-hora"],"_links":{"self":[{"href":"https:\/\/diarioregionaldigital.com.br\/index.php?rest_route=\/wp\/v2\/posts\/175105","targetHints":{"allow":["GET"]}}],"collection":[{"href":"https:\/\/diarioregionaldigital.com.br\/index.php?rest_route=\/wp\/v2\/posts"}],"about":[{"href":"https:\/\/diarioregionaldigital.com.br\/index.php?rest_route=\/wp\/v2\/types\/post"}],"author":[{"embeddable":true,"href":"https:\/\/diarioregionaldigital.com.br\/index.php?rest_route=\/wp\/v2\/users\/96"}],"replies":[{"embeddable":true,"href":"https:\/\/diarioregionaldigital.com.br\/index.php?rest_route=%2Fwp%2Fv2%2Fcomments&post=175105"}],"version-history":[{"count":0,"href":"https:\/\/diarioregionaldigital.com.br\/index.php?rest_route=\/wp\/v2\/posts\/175105\/revisions"}],"wp:featuredmedia":[{"embeddable":true,"href":"https:\/\/diarioregionaldigital.com.br\/index.php?rest_route=\/wp\/v2\/media\/175106"}],"wp:attachment":[{"href":"https:\/\/diarioregionaldigital.com.br\/index.php?rest_route=%2Fwp%2Fv2%2Fmedia&parent=175105"}],"wp:term":[{"taxonomy":"category","embeddable":true,"href":"https:\/\/diarioregionaldigital.com.br\/index.php?rest_route=%2Fwp%2Fv2%2Fcategories&post=175105"},{"taxonomy":"post_tag","embeddable":true,"href":"https:\/\/diarioregionaldigital.com.br\/index.php?rest_route=%2Fwp%2Fv2%2Ftags&post=175105"}],"curies":[{"name":"wp","href":"https:\/\/api.w.org\/{rel}","templated":true}]}}