{"id":175099,"date":"2020-12-16T13:05:22","date_gmt":"2020-12-16T16:05:22","guid":{"rendered":"https:\/\/diarioregionaldigital.com.br\/?p=175099"},"modified":"2020-12-16T13:05:22","modified_gmt":"2020-12-16T16:05:22","slug":"arquidiocese-de-juiz-de-fora-faz-orientacoes-para-as-missas-de-fim-de-ano","status":"publish","type":"post","link":"https:\/\/diarioregionaldigital.com.br\/?p=175099","title":{"rendered":"Arquidiocese de Juiz de Fora faz orienta\u00e7\u00f5es para as Missas de fim de ano"},"content":{"rendered":"<p><span style=\"font-weight: 400;\">Em comunicado divulgado na ter\u00e7a-feira (15), o Arcebispo Metropolitano de Juiz de Fora, Dom Gil Ant\u00f4nio Moreira, passou orienta\u00e7\u00f5es para as realiza\u00e7\u00f5es das Missas de fim de ano, ap\u00f3s os 15 dias de suspens\u00e3o das celebra\u00e7\u00f5es presenciais. No dia 1\u00ba deste m\u00eas, os eventos haviam sido suspensos por conta da piora no cen\u00e1rio do Coronav\u00edrus no munic\u00edpio.\u00a0<\/span><\/p>\n<p><span style=\"font-weight: 400;\">Ap\u00f3s este per\u00edodo, o Arcebispo autorizou o retorno das atividades nas 37 cidades que comp\u00f5em a Arquidiocese de Juiz de Fora, desde que observadas as orienta\u00e7\u00f5es municipais. Como por exemplo, os fi\u00e9is devem ocupar, no m\u00e1ximo, 20% do espa\u00e7o f\u00edsico das igrejas, e as celebra\u00e7\u00f5es ter\u00e3o dura\u00e7\u00e3o m\u00e1xima de 45 minutos.<\/span><\/p>\n<p><span style=\"font-weight: 400;\">Al\u00e9m disso, Dom Gil pede para que os \u201cMinistros levarem, respeitosamente, a Sagrada Esp\u00e9cie aos fi\u00e9is nos locais onde se encontrem presencialmente na igreja, para que estes n\u00e3o tenham que se deslocar at\u00e9 os costumeiros locais de distribui\u00e7\u00e3o\u201d.<\/span><\/p>\n<p><span style=\"font-weight: 400;\">Quanto aos padres, o Arcebispo requer que sejam oferecidos diversas op\u00e7\u00f5es de hor\u00e1rios para as missas, tanto no Natal, quanto no Ano Novo, para que mais pessoas possam participar dos eventos.<\/span><\/p>\n<p><span style=\"font-weight: 400;\">Dom Gil recorda a import\u00e2ncia das solenidades que a Igreja celebrar\u00e1 daqui a alguns dias, \u201cO Natal de Nosso Senhor Jesus Cristo constitui a segunda maior celebra\u00e7\u00e3o lit\u00fargica do ano para os crist\u00e3os, sendo a primeira a P\u00e1scoa da Ressurrei\u00e7\u00e3o. Nada e ningu\u00e9m pode diminuir seu significado e sua import\u00e2ncia para aqueles que t\u00eam f\u00e9 e amam a Cristo\u201d.<\/span><\/p>\n<p><span style=\"font-weight: 400;\">Ao final da mensagem, o bispo deixa seus votos de Boas Festas, recordando uma palavra do Santo Padre, o Papa Francisco. \u201cColho a ocasi\u00e3o para enviar aos car\u00edssimos Padres, Di\u00e1conos, Religiosos, Religiosas e a todo o Povo de Deus, os meus mais expressivos votos de Boas Festas, com muita sa\u00fade e muita paz, sempre iluminados pela Luz que vem do c\u00e9u. Que Nosso Bom Deus nos presenteie com vacina eficaz, neste novo tempo que estamos para come\u00e7ar. Por fim, ofere\u00e7o um pequeno pensamento do Papa Francisco, dito na Ora\u00e7\u00e3o do Angelus do I Domingo do Advento: \u2018O amor de Deus nos ilumina. N\u00e3o existe pandemia e n\u00e3o h\u00e1 crise que apaguem a Luz que vem do alto\u2019 (Papa Francisco, Angelus \u2013 06.12.20)\u201d.<\/span><\/p>\n","protected":false},"excerpt":{"rendered":"<p>Em comunicado divulgado na ter\u00e7a-feira (15), o Arcebispo Metropolitano de Juiz de Fora, Dom Gil Ant\u00f4nio Moreira, passou orienta\u00e7\u00f5es para as realiza\u00e7\u00f5es das Missas de fim de ano, ap\u00f3s os 15 dias de suspens\u00e3o das celebra\u00e7\u00f5es presenciais. No dia 1\u00ba deste m\u00eas, os eventos haviam sido suspensos por conta da piora no cen\u00e1rio do Coronav\u00edrus [&hellip;]<\/p>\n","protected":false},"author":96,"featured_media":175100,"comment_status":"closed","ping_status":"closed","sticky":false,"template":"","format":"standard","meta":{"footnotes":""},"categories":[253,436,440,439],"tags":[],"class_list":["post-175099","post","type-post","status-publish","format-standard","has-post-thumbnail","hentry","category-cidade","category-destaque-da-semana","category-destaques-do-dia","category-ultima-hora"],"_links":{"self":[{"href":"https:\/\/diarioregionaldigital.com.br\/index.php?rest_route=\/wp\/v2\/posts\/175099","targetHints":{"allow":["GET"]}}],"collection":[{"href":"https:\/\/diarioregionaldigital.com.br\/index.php?rest_route=\/wp\/v2\/posts"}],"about":[{"href":"https:\/\/diarioregionaldigital.com.br\/index.php?rest_route=\/wp\/v2\/types\/post"}],"author":[{"embeddable":true,"href":"https:\/\/diarioregionaldigital.com.br\/index.php?rest_route=\/wp\/v2\/users\/96"}],"replies":[{"embeddable":true,"href":"https:\/\/diarioregionaldigital.com.br\/index.php?rest_route=%2Fwp%2Fv2%2Fcomments&post=175099"}],"version-history":[{"count":0,"href":"https:\/\/diarioregionaldigital.com.br\/index.php?rest_route=\/wp\/v2\/posts\/175099\/revisions"}],"wp:featuredmedia":[{"embeddable":true,"href":"https:\/\/diarioregionaldigital.com.br\/index.php?rest_route=\/wp\/v2\/media\/175100"}],"wp:attachment":[{"href":"https:\/\/diarioregionaldigital.com.br\/index.php?rest_route=%2Fwp%2Fv2%2Fmedia&parent=175099"}],"wp:term":[{"taxonomy":"category","embeddable":true,"href":"https:\/\/diarioregionaldigital.com.br\/index.php?rest_route=%2Fwp%2Fv2%2Fcategories&post=175099"},{"taxonomy":"post_tag","embeddable":true,"href":"https:\/\/diarioregionaldigital.com.br\/index.php?rest_route=%2Fwp%2Fv2%2Ftags&post=175099"}],"curies":[{"name":"wp","href":"https:\/\/api.w.org\/{rel}","templated":true}]}}