{"id":175096,"date":"2020-12-16T12:37:05","date_gmt":"2020-12-16T15:37:05","guid":{"rendered":"https:\/\/diarioregionaldigital.com.br\/?p=175096"},"modified":"2020-12-16T12:37:05","modified_gmt":"2020-12-16T15:37:05","slug":"minas-avalia-panorama-para-imunizacao-contra-covid-19","status":"publish","type":"post","link":"https:\/\/diarioregionaldigital.com.br\/?p=175096","title":{"rendered":"Minas avalia panorama para imuniza\u00e7\u00e3o contra covid-19"},"content":{"rendered":"<p><span style=\"font-weight: 400;\">O secret\u00e1rio de Estado de Sa\u00fade de Minas Gerais, Carlos Eduardo Amaral, se reuniu com a equipe t\u00e9cnica da SES-MG para atualizar o Plano Estadual de Conting\u00eancia para Vacina\u00e7\u00e3o Contra a Covid-19, em execu\u00e7\u00e3o desde setembro.<\/span><\/p>\n<p><span style=\"font-weight: 400;\">Durante a apresenta\u00e7\u00e3o, foram avaliadas as etapas de desenvolvimento e registro dos imunizantes, os crit\u00e9rios em an\u00e1lise pela Ag\u00eancia Nacional de Vigil\u00e2ncia Sanit\u00e1ria (Anvisa) e as a\u00e7\u00f5es da secretaria em andamento.<\/span><\/p>\n<p><span style=\"font-weight: 400;\">\u201cA SES-MG est\u00e1 tomando as medidas necess\u00e1rias para organizar a estrutura log\u00edstica e a capacita\u00e7\u00e3o de recursos humanos, para garantir uma vacina\u00e7\u00e3o segura para a popula\u00e7\u00e3o de Minas Gerais\u201d, pontuou Carlos Eduardo Amaral.<\/span><\/p>\n<p><span style=\"font-weight: 400;\">Custeio da opera\u00e7\u00e3o, log\u00edstica, seguran\u00e7a e operacionaliza\u00e7\u00e3o da campanha, al\u00e9m de p\u00fablicos priorit\u00e1rios para vacina\u00e7\u00e3o tamb\u00e9m estiveram na pauta do encontro.\u00a0<\/span><\/p>\n<p><span style=\"font-weight: 400;\">De acordo com o secret\u00e1rio, a pasta acompanha as publica\u00e7\u00f5es da Anvisa e a participa\u00e7\u00e3o ativamente das reuni\u00f5es promovidas pela coordena\u00e7\u00e3o do Programa Nacional de Imuniza\u00e7\u00e3o. Os encontros t\u00eam o objetivo de divulgar as vacinas que est\u00e3o em testes no Brasil, articular estrat\u00e9gias de capacita\u00e7\u00e3o e log\u00edstica com as regionais de Sa\u00fade e orientar os munic\u00edpios que precisam estar estruturados para a campanha.<\/span><\/p>\n<p><b>Estudos<\/b><\/p>\n<p><span style=\"font-weight: 400;\">Ainda em teste no Brasil, as vacinas da AstraZeneca, Coronavac, Pfizer e Janssen tiveram suas plataformas tecnol\u00f3gicas examinadas e discutidas durante o encontro. Os quatro imunizantes est\u00e3o em fase de testes e ainda n\u00e3o obtiveram a aprova\u00e7\u00e3o da Anvisa, respons\u00e1vel por registrar e liberar o produto para utiliza\u00e7\u00e3o em territ\u00f3rio nacional.\u00a0<\/span><\/p>\n<p><span style=\"font-weight: 400;\">\u201cEstamos estudando todas as possibilidades para atender os 853 munic\u00edpios mineiros com efici\u00eancia, celeridade e seguran\u00e7a. Precisamos garantir que as vacinas mantenham suas caracter\u00edsticas iniciais para conferir imunidade. S\u00e3o produtos que precisam de temperaturas e conserva\u00e7\u00e3o adequadas\u201d, ressaltou a subsecret\u00e1ria de Vigil\u00e2ncia em Sa\u00fade da SES-MG, Janaina Passos.<\/span><\/p>\n<p><b>Plano<\/b><\/p>\n<p><span style=\"font-weight: 400;\">O Plano de Contingenciamento para Vacina\u00e7\u00e3o Contra a Covid-19 inclui acompanhamento de pesquisas, reuni\u00f5es com o Minist\u00e9rio da Sa\u00fade, aquisi\u00e7\u00e3o de insumos, diagn\u00f3sticos das Redes de Frio do Estado e a compra de 50 milh\u00f5es de seringas agulhadas. Est\u00e1 em andamento o edital de chamamento p\u00fablico para a implanta\u00e7\u00e3o dos Centros de Refer\u00eancia em Imunobiol\u00f3gicas Especiais (Cries Macrorregionais).<\/span><\/p>\n<p><span style=\"font-weight: 400;\">Confira as aquisi\u00e7\u00f5es realizadas pelo Governo de Minas at\u00e9 o momento:<\/span><\/p>\n<p><span style=\"font-weight: 400;\">50 milh\u00f5es de seringas e agulhas<\/span><\/p>\n<p><span style=\"font-weight: 400;\">617 c\u00e2maras refrigeradas<\/span><\/p>\n<p><span style=\"font-weight: 400;\">60 mil coletores para material perfurocortante<\/span><\/p>\n<p><span style=\"font-weight: 400;\">15 mil term\u00f4metros<\/span><\/p>\n<p><span style=\"font-weight: 400;\">1,5 mil unidades de pallets<\/span><\/p>\n<p><strong>Fonte:\u00a0<\/strong>Ag\u00eancia Minas<\/p>\n","protected":false},"excerpt":{"rendered":"<p>O secret\u00e1rio de Estado de Sa\u00fade de Minas Gerais, Carlos Eduardo Amaral, se reuniu com a equipe t\u00e9cnica da SES-MG para atualizar o Plano Estadual de Conting\u00eancia para Vacina\u00e7\u00e3o Contra a Covid-19, em execu\u00e7\u00e3o desde setembro. Durante a apresenta\u00e7\u00e3o, foram avaliadas as etapas de desenvolvimento e registro dos imunizantes, os crit\u00e9rios em an\u00e1lise pela Ag\u00eancia [&hellip;]<\/p>\n","protected":false},"author":96,"featured_media":175097,"comment_status":"closed","ping_status":"closed","sticky":false,"template":"","format":"standard","meta":{"footnotes":""},"categories":[436,254,439],"tags":[],"class_list":["post-175096","post","type-post","status-publish","format-standard","has-post-thumbnail","hentry","category-destaque-da-semana","category-politica","category-ultima-hora"],"_links":{"self":[{"href":"https:\/\/diarioregionaldigital.com.br\/index.php?rest_route=\/wp\/v2\/posts\/175096","targetHints":{"allow":["GET"]}}],"collection":[{"href":"https:\/\/diarioregionaldigital.com.br\/index.php?rest_route=\/wp\/v2\/posts"}],"about":[{"href":"https:\/\/diarioregionaldigital.com.br\/index.php?rest_route=\/wp\/v2\/types\/post"}],"author":[{"embeddable":true,"href":"https:\/\/diarioregionaldigital.com.br\/index.php?rest_route=\/wp\/v2\/users\/96"}],"replies":[{"embeddable":true,"href":"https:\/\/diarioregionaldigital.com.br\/index.php?rest_route=%2Fwp%2Fv2%2Fcomments&post=175096"}],"version-history":[{"count":0,"href":"https:\/\/diarioregionaldigital.com.br\/index.php?rest_route=\/wp\/v2\/posts\/175096\/revisions"}],"wp:featuredmedia":[{"embeddable":true,"href":"https:\/\/diarioregionaldigital.com.br\/index.php?rest_route=\/wp\/v2\/media\/175097"}],"wp:attachment":[{"href":"https:\/\/diarioregionaldigital.com.br\/index.php?rest_route=%2Fwp%2Fv2%2Fmedia&parent=175096"}],"wp:term":[{"taxonomy":"category","embeddable":true,"href":"https:\/\/diarioregionaldigital.com.br\/index.php?rest_route=%2Fwp%2Fv2%2Fcategories&post=175096"},{"taxonomy":"post_tag","embeddable":true,"href":"https:\/\/diarioregionaldigital.com.br\/index.php?rest_route=%2Fwp%2Fv2%2Ftags&post=175096"}],"curies":[{"name":"wp","href":"https:\/\/api.w.org\/{rel}","templated":true}]}}