{"id":175091,"date":"2020-12-16T10:19:12","date_gmt":"2020-12-16T13:19:12","guid":{"rendered":"https:\/\/diarioregionaldigital.com.br\/?p=175091"},"modified":"2020-12-16T10:19:12","modified_gmt":"2020-12-16T13:19:12","slug":"novo-boletim-da-ses-mg-contabiliza-136-mortes-por-covid-19-nas-ultimas-24h","status":"publish","type":"post","link":"https:\/\/diarioregionaldigital.com.br\/?p=175091","title":{"rendered":"Novo boletim da SES-MG contabiliza 136 mortes por Covid-19 nas \u00faltimas 24h"},"content":{"rendered":"<p>O novo\u00a0<a href=\"https:\/\/www.saude.mg.gov.br\/images\/1_noticias\/10_2020\/2_out-nov-dez\/16-12_Boletim_Epidemiologico_COVID-19.pdf\">boletim epidemiol\u00f3gico<\/a> publicado nesta quarta-feira (16), pela Secretaria de Estado da Sa\u00fade de Minas Gerais (SES-MG), informa que nas \u00faltimas 24h, o estado registrou mais 136 mortes pelo Coronav\u00edrus, totalizando 10.855. Conforme o levantamento, foram contabilizados 4.472 novos casos, acumulando 477.697 pessoas infectadas.<\/p>\n<p>Al\u00e9m disso, 432.622 pacientes est\u00e3o recuperados da doen\u00e7a, representando 90,56% dos casos. Quanto aos dados de hospitaliza\u00e7\u00e3o, 43.291 est\u00e3o internados e 434.406 est\u00e3o em isolamento domiciliar.<\/p>\n","protected":false},"excerpt":{"rendered":"<p>O novo\u00a0boletim epidemiol\u00f3gico publicado nesta quarta-feira (16), pela Secretaria de Estado da Sa\u00fade de Minas Gerais (SES-MG), informa que nas \u00faltimas 24h, o estado registrou mais 136 mortes pelo Coronav\u00edrus, totalizando 10.855. Conforme o levantamento, foram contabilizados 4.472 novos casos, acumulando 477.697 pessoas infectadas. Al\u00e9m disso, 432.622 pacientes est\u00e3o recuperados da doen\u00e7a, representando 90,56% dos [&hellip;]<\/p>\n","protected":false},"author":96,"featured_media":173954,"comment_status":"closed","ping_status":"closed","sticky":false,"template":"","format":"standard","meta":{"footnotes":""},"categories":[436,440,252,439],"tags":[],"class_list":["post-175091","post","type-post","status-publish","format-standard","has-post-thumbnail","hentry","category-destaque-da-semana","category-destaques-do-dia","category-regiao","category-ultima-hora"],"_links":{"self":[{"href":"https:\/\/diarioregionaldigital.com.br\/index.php?rest_route=\/wp\/v2\/posts\/175091","targetHints":{"allow":["GET"]}}],"collection":[{"href":"https:\/\/diarioregionaldigital.com.br\/index.php?rest_route=\/wp\/v2\/posts"}],"about":[{"href":"https:\/\/diarioregionaldigital.com.br\/index.php?rest_route=\/wp\/v2\/types\/post"}],"author":[{"embeddable":true,"href":"https:\/\/diarioregionaldigital.com.br\/index.php?rest_route=\/wp\/v2\/users\/96"}],"replies":[{"embeddable":true,"href":"https:\/\/diarioregionaldigital.com.br\/index.php?rest_route=%2Fwp%2Fv2%2Fcomments&post=175091"}],"version-history":[{"count":0,"href":"https:\/\/diarioregionaldigital.com.br\/index.php?rest_route=\/wp\/v2\/posts\/175091\/revisions"}],"wp:featuredmedia":[{"embeddable":true,"href":"https:\/\/diarioregionaldigital.com.br\/index.php?rest_route=\/wp\/v2\/media\/173954"}],"wp:attachment":[{"href":"https:\/\/diarioregionaldigital.com.br\/index.php?rest_route=%2Fwp%2Fv2%2Fmedia&parent=175091"}],"wp:term":[{"taxonomy":"category","embeddable":true,"href":"https:\/\/diarioregionaldigital.com.br\/index.php?rest_route=%2Fwp%2Fv2%2Fcategories&post=175091"},{"taxonomy":"post_tag","embeddable":true,"href":"https:\/\/diarioregionaldigital.com.br\/index.php?rest_route=%2Fwp%2Fv2%2Ftags&post=175091"}],"curies":[{"name":"wp","href":"https:\/\/api.w.org\/{rel}","templated":true}]}}