{"id":175082,"date":"2020-12-16T06:00:59","date_gmt":"2020-12-16T09:00:59","guid":{"rendered":"https:\/\/diarioregionaldigital.com.br\/?p=175082"},"modified":"2020-12-16T01:20:36","modified_gmt":"2020-12-16T04:20:36","slug":"prefeitura-municipal-de-descoberto-extrato-cont-no055-16-12-2020","status":"publish","type":"post","link":"https:\/\/diarioregionaldigital.com.br\/?p=175082","title":{"rendered":"Prefeitura Municipal de Descoberto &#8211; Extrato Cont n\u00ba055 &#8211; 16\/12\/2020"},"content":{"rendered":"<p style=\"text-align: center;\"><strong>EXTRATO DE CONTRATO<\/strong><\/p>\n<p style=\"text-align: center;\">Pref. Municipal de Descoberto x Ivan Fonseca Alves Ferreira 11756643679 \u2013 Objeto: \u00a0Presta\u00e7\u00e3o de servi\u00e7os de \u00a0treinamento de pessoal, organiza\u00e7\u00e3o e envio de documenta\u00e7\u00e3o no crit\u00e9rio ICMS Esportes \u2013 ano 2020, observadas as limita\u00e7\u00f5es de decretos municipais ao enfrentamento da Covid-19 &#8211; Fundamento: Dispensa n\u00ba 007\/2020 &#8211; Valor Global: 7.900,00 \u00a0&#8211; Vig\u00eancia: 6 meses &#8211; Dot or\u00e7: 02.04001.12.122.0002.233-339039\/100 &#8211; Ass: 14\/12\/2020 &#8211; Foro: S\u00e3o Jo\u00e3o Nepomuceno\/MG.<\/p>\n<p style=\"text-align: center;\"><strong>Eduardo Antonio de Amorim Batista<\/strong><\/p>\n<p style=\"text-align: center;\"><strong>Prefeito Municipal em exerc\u00edcio<\/strong><\/p>\n","protected":false},"excerpt":{"rendered":"<p>EXTRATO DE CONTRATO Pref. Municipal de Descoberto x Ivan Fonseca Alves Ferreira 11756643679 \u2013 Objeto: \u00a0Presta\u00e7\u00e3o de servi\u00e7os de \u00a0treinamento de pessoal, organiza\u00e7\u00e3o e envio de documenta\u00e7\u00e3o no crit\u00e9rio ICMS Esportes \u2013 ano 2020, observadas as limita\u00e7\u00f5es de decretos municipais ao enfrentamento da Covid-19 &#8211; Fundamento: Dispensa n\u00ba 007\/2020 &#8211; Valor Global: 7.900,00 \u00a0&#8211; Vig\u00eancia: [&hellip;]<\/p>\n","protected":false},"author":96,"featured_media":0,"comment_status":"closed","ping_status":"closed","sticky":false,"template":"","format":"standard","meta":{"footnotes":""},"categories":[307],"tags":[],"class_list":["post-175082","post","type-post","status-publish","format-standard","hentry","category-editais"],"_links":{"self":[{"href":"https:\/\/diarioregionaldigital.com.br\/index.php?rest_route=\/wp\/v2\/posts\/175082","targetHints":{"allow":["GET"]}}],"collection":[{"href":"https:\/\/diarioregionaldigital.com.br\/index.php?rest_route=\/wp\/v2\/posts"}],"about":[{"href":"https:\/\/diarioregionaldigital.com.br\/index.php?rest_route=\/wp\/v2\/types\/post"}],"author":[{"embeddable":true,"href":"https:\/\/diarioregionaldigital.com.br\/index.php?rest_route=\/wp\/v2\/users\/96"}],"replies":[{"embeddable":true,"href":"https:\/\/diarioregionaldigital.com.br\/index.php?rest_route=%2Fwp%2Fv2%2Fcomments&post=175082"}],"version-history":[{"count":0,"href":"https:\/\/diarioregionaldigital.com.br\/index.php?rest_route=\/wp\/v2\/posts\/175082\/revisions"}],"wp:attachment":[{"href":"https:\/\/diarioregionaldigital.com.br\/index.php?rest_route=%2Fwp%2Fv2%2Fmedia&parent=175082"}],"wp:term":[{"taxonomy":"category","embeddable":true,"href":"https:\/\/diarioregionaldigital.com.br\/index.php?rest_route=%2Fwp%2Fv2%2Fcategories&post=175082"},{"taxonomy":"post_tag","embeddable":true,"href":"https:\/\/diarioregionaldigital.com.br\/index.php?rest_route=%2Fwp%2Fv2%2Ftags&post=175082"}],"curies":[{"name":"wp","href":"https:\/\/api.w.org\/{rel}","templated":true}]}}