{"id":175050,"date":"2020-12-15T18:36:16","date_gmt":"2020-12-15T21:36:16","guid":{"rendered":"https:\/\/diarioregionaldigital.com.br\/?p=175050"},"modified":"2020-12-15T18:36:16","modified_gmt":"2020-12-15T21:36:16","slug":"municipio-tem-356-novos-casos-de-coronavirus-taxa-de-ocupacao-nos-leitos-de-uti-chega-a-8338","status":"publish","type":"post","link":"https:\/\/diarioregionaldigital.com.br\/?p=175050","title":{"rendered":"Munic\u00edpio tem 356 novos casos de Coronav\u00edrus; taxa de ocupa\u00e7\u00e3o nos leitos de UTI chega a 83,38%"},"content":{"rendered":"<p><span style=\"font-weight: 400;\">O novo boletim epidemiol\u00f3gico divulgado nesta ter\u00e7a-feira (15) pela Secretaria de Sa\u00fade (SS) da Prefeitura de Juiz de Fora (PJF), aponta que o munic\u00edpio contabilizou mais 356 novos casos por Covid-19, totalizando 11.586 pessoas infectadas.<\/span><\/p>\n<p><span style=\"font-weight: 400;\">Segundo o levantamento, foram notificadas mais tr\u00eas mortes, acumulando 413. Uma das v\u00edtimas \u00e9 uma mulher de 59 anos e morreu na segunda-feira (14). Ela apresentava quadro de Doen\u00e7a Cardiovascular Cr\u00f4nica (DCC), Diabetes Mellitus (DM) e pneumopatia cr\u00f4nica. A segunda v\u00edtima \u00e9 uma idosa de 86 anos e tamb\u00e9m morreu na segunda-feira. Ela era portadora de Doen\u00e7a Neurol\u00f3gica Cr\u00f4nica (DNC). A terceira morte registrada no boletim \u00e9 de uma idosa de 99 anos, que perdeu a vida no domingo (13) e tinha Doen\u00e7a Neurol\u00f3gica Cr\u00f4nica (DNC) e hipotireoidismo. Al\u00e9m disso, 39.464 pacientes s\u00e3o suspeitos de terem a doen\u00e7a.<\/span><\/p>\n<p><b>Leitos\u00a0<\/b><\/p>\n<p><span style=\"font-weight: 400;\">Segundo informa\u00e7\u00f5es da PJF, 391 pessoas est\u00e3o hospitalizadas por covid-19 no munic\u00edpio. Ao todo, 127 pacientes ocupam leitos de UTI e 264 de enfermaria (p\u00fablico e privado). A taxa de ocupa\u00e7\u00e3o dos leitos de UTI da rede p\u00fablica \u00e9 de 78,68%. J\u00e1 os leitos de UTI particulares, 91,81% est\u00e3o ocupados. O \u00edndice de ocupa\u00e7\u00e3o de UTI geral (p\u00fablico \u2013 privado) \u00e9 de 83,38%.<\/span><\/p>\n<p><b>Ranking de bairros com maior n\u00famero de casos<\/b><\/p>\n<p><span style=\"font-weight: 400;\">Conforme o novo painel da Prefeitura, os bairros do munic\u00edpio que apresentam maiores n\u00fameros de casos confirmados pela doen\u00e7a s\u00e3o: Centro (658), S\u00e3o Mateus (424), S\u00e3o Pedro (278), Benfica (242), Alto dos Passos (201), Santa Luzia (175), Bom Pastor (170), Progresso (161), e Bandeirantes (156).<\/span><\/p>\n<p><b>Casos recuperados<\/b><\/p>\n<p><span style=\"font-weight: 400;\">Ainda segundo os dados, Juiz de Fora tem 9.942 pacientes recuperados do Coronav\u00edrus. O total representa 85,81% das pessoas infectadas.<\/span><\/p>\n","protected":false},"excerpt":{"rendered":"<p>O novo boletim epidemiol\u00f3gico divulgado nesta ter\u00e7a-feira (15) pela Secretaria de Sa\u00fade (SS) da Prefeitura de Juiz de Fora (PJF), aponta que o munic\u00edpio contabilizou mais 356 novos casos por Covid-19, totalizando 11.586 pessoas infectadas. Segundo o levantamento, foram notificadas mais tr\u00eas mortes, acumulando 413. Uma das v\u00edtimas \u00e9 uma mulher de 59 anos e [&hellip;]<\/p>\n","protected":false},"author":96,"featured_media":171017,"comment_status":"closed","ping_status":"closed","sticky":false,"template":"","format":"standard","meta":{"footnotes":""},"categories":[253,436,440,439],"tags":[],"class_list":["post-175050","post","type-post","status-publish","format-standard","has-post-thumbnail","hentry","category-cidade","category-destaque-da-semana","category-destaques-do-dia","category-ultima-hora"],"_links":{"self":[{"href":"https:\/\/diarioregionaldigital.com.br\/index.php?rest_route=\/wp\/v2\/posts\/175050","targetHints":{"allow":["GET"]}}],"collection":[{"href":"https:\/\/diarioregionaldigital.com.br\/index.php?rest_route=\/wp\/v2\/posts"}],"about":[{"href":"https:\/\/diarioregionaldigital.com.br\/index.php?rest_route=\/wp\/v2\/types\/post"}],"author":[{"embeddable":true,"href":"https:\/\/diarioregionaldigital.com.br\/index.php?rest_route=\/wp\/v2\/users\/96"}],"replies":[{"embeddable":true,"href":"https:\/\/diarioregionaldigital.com.br\/index.php?rest_route=%2Fwp%2Fv2%2Fcomments&post=175050"}],"version-history":[{"count":0,"href":"https:\/\/diarioregionaldigital.com.br\/index.php?rest_route=\/wp\/v2\/posts\/175050\/revisions"}],"wp:featuredmedia":[{"embeddable":true,"href":"https:\/\/diarioregionaldigital.com.br\/index.php?rest_route=\/wp\/v2\/media\/171017"}],"wp:attachment":[{"href":"https:\/\/diarioregionaldigital.com.br\/index.php?rest_route=%2Fwp%2Fv2%2Fmedia&parent=175050"}],"wp:term":[{"taxonomy":"category","embeddable":true,"href":"https:\/\/diarioregionaldigital.com.br\/index.php?rest_route=%2Fwp%2Fv2%2Fcategories&post=175050"},{"taxonomy":"post_tag","embeddable":true,"href":"https:\/\/diarioregionaldigital.com.br\/index.php?rest_route=%2Fwp%2Fv2%2Ftags&post=175050"}],"curies":[{"name":"wp","href":"https:\/\/api.w.org\/{rel}","templated":true}]}}