{"id":175007,"date":"2020-12-15T06:00:52","date_gmt":"2020-12-15T09:00:52","guid":{"rendered":"https:\/\/diarioregionaldigital.com.br\/?p=175007"},"modified":"2020-12-15T00:54:10","modified_gmt":"2020-12-15T03:54:10","slug":"um-mimo","status":"publish","type":"post","link":"https:\/\/diarioregionaldigital.com.br\/?p=175007","title":{"rendered":"Um Mimo"},"content":{"rendered":"<p style=\"text-align: center;\"><strong>Solidariedade<\/strong><\/p>\n<p style=\"text-align: center;\">Tradicional templo de caridade de Juiz de Fora, o Instituto Padre Jo\u00e3o Em\u00edlio, que atende 135 crian\u00e7as em situa\u00e7\u00e3o de vulnerabilidade social, est\u00e1 arrecadando at\u00e9 hoje (15), alimentos, panetones e caixas de bombons para fazer a alegria dos pequenos e das fam\u00edlias carentes.<\/p>\n<p style=\"text-align: center;\"><strong>Batendo a Martelo<\/strong><\/p>\n<p style=\"text-align: center;\">Apesar de 2020 ter sido uma ano muito triste e complicado, a CBF segurou a onda e o futebol est\u00e1 com neg\u00f3cio fechado. Acertou com um novo patrocinador para a sele\u00e7\u00e3o brasileira: a rede de drogarias Pague Menos.<\/p>\n<p style=\"text-align: center;\"><strong>Festa Leve<\/strong><\/p>\n<p style=\"text-align: center;\">Como a ordem do rei e pouca gente para a festa de Natal, Alexandre Perroti chef formado no Grogot\u2019o em Barbacena, depois do sucesso do ano passado, vai preparar a ceia dos deuses. Salada \u201cmeia desfeita\u201d com bacalhau e gr\u00e3o de bico \u00e9 uma das apostas. As rabanadas recheadas com doce de leite arrasam.<\/p>\n<p style=\"text-align: center;\"><span style=\"font-size: 14pt;\"><strong>Um mimo<\/strong><\/span><\/p>\n<p style=\"text-align: center;\">Os panetones e artesanais de Andria Andries surpreendem com sabores bem brasileiros. V\u00e1rias vers\u00f5es vem em linda embalagem recheados de nozes, nutella, ninho, leite condensado e frutas cristalizadas.<\/p>\n<div id=\"attachment_174972\" style=\"width: 690px\" class=\"wp-caption aligncenter\"><img loading=\"lazy\" decoding=\"async\" aria-describedby=\"caption-attachment-174972\" class=\"wp-image-174972\" src=\"https:\/\/diarioregionaldigital.com.br\/wp-content\/uploads\/2020\/12\/fotoa-5.jpg\" alt=\"\" width=\"680\" height=\"454\" srcset=\"https:\/\/diarioregionaldigital.com.br\/wp-content\/uploads\/2020\/12\/fotoa-5.jpg 1800w, https:\/\/diarioregionaldigital.com.br\/wp-content\/uploads\/2020\/12\/fotoa-5-300x200.jpg 300w, https:\/\/diarioregionaldigital.com.br\/wp-content\/uploads\/2020\/12\/fotoa-5-1024x684.jpg 1024w, https:\/\/diarioregionaldigital.com.br\/wp-content\/uploads\/2020\/12\/fotoa-5-768x513.jpg 768w, https:\/\/diarioregionaldigital.com.br\/wp-content\/uploads\/2020\/12\/fotoa-5-1536x1026.jpg 1536w, https:\/\/diarioregionaldigital.com.br\/wp-content\/uploads\/2020\/12\/fotoa-5-360x240.jpg 360w\" sizes=\"auto, (max-width: 680px) 100vw, 680px\" \/><p id=\"caption-attachment-174972\" class=\"wp-caption-text\">No Feliz Natal da linda fam\u00edlia com: Renata Marcelino e Luis Ot\u00e1vio Loures da Concei\u00e7\u00e3o e os filhos, Lucas, Camila, Carolina e Clara<\/p><\/div>\n<div id=\"attachment_174974\" style=\"width: 690px\" class=\"wp-caption aligncenter\"><img loading=\"lazy\" decoding=\"async\" aria-describedby=\"caption-attachment-174974\" class=\"wp-image-174974\" src=\"https:\/\/diarioregionaldigital.com.br\/wp-content\/uploads\/2020\/12\/fotob-8-e1607997878533.jpg\" alt=\"\" width=\"680\" height=\"476\" srcset=\"https:\/\/diarioregionaldigital.com.br\/wp-content\/uploads\/2020\/12\/fotob-8-e1607997878533.jpg 720w, https:\/\/diarioregionaldigital.com.br\/wp-content\/uploads\/2020\/12\/fotob-8-e1607997878533-300x210.jpg 300w, https:\/\/diarioregionaldigital.com.br\/wp-content\/uploads\/2020\/12\/fotob-8-e1607997878533-360x252.jpg 360w, https:\/\/diarioregionaldigital.com.br\/wp-content\/uploads\/2020\/12\/fotob-8-e1607997878533-100x70.jpg 100w\" sizes=\"auto, (max-width: 680px) 100vw, 680px\" \/><p id=\"caption-attachment-174974\" class=\"wp-caption-text\">A estrelinha Taylla Fernandes com look infantil para By Candy<\/p><\/div>\n<div id=\"attachment_174975\" style=\"width: 690px\" class=\"wp-caption aligncenter\"><img loading=\"lazy\" decoding=\"async\" aria-describedby=\"caption-attachment-174975\" class=\"wp-image-174975\" src=\"https:\/\/diarioregionaldigital.com.br\/wp-content\/uploads\/2020\/12\/fotoc-7-e1607997907736.jpg\" alt=\"\" width=\"680\" height=\"466\" srcset=\"https:\/\/diarioregionaldigital.com.br\/wp-content\/uploads\/2020\/12\/fotoc-7-e1607997907736.jpg 756w, https:\/\/diarioregionaldigital.com.br\/wp-content\/uploads\/2020\/12\/fotoc-7-e1607997907736-300x206.jpg 300w, https:\/\/diarioregionaldigital.com.br\/wp-content\/uploads\/2020\/12\/fotoc-7-e1607997907736-360x247.jpg 360w, https:\/\/diarioregionaldigital.com.br\/wp-content\/uploads\/2020\/12\/fotoc-7-e1607997907736-100x70.jpg 100w\" sizes=\"auto, (max-width: 680px) 100vw, 680px\" \/><p id=\"caption-attachment-174975\" class=\"wp-caption-text\">Feliz Natal com o bonito casal Paula Rodrigues e Jos\u00e9 Alves J\u00fanior<\/p><\/div>\n<div id=\"attachment_174973\" style=\"width: 690px\" class=\"wp-caption aligncenter\"><img loading=\"lazy\" decoding=\"async\" aria-describedby=\"caption-attachment-174973\" class=\"wp-image-174973\" src=\"https:\/\/diarioregionaldigital.com.br\/wp-content\/uploads\/2020\/12\/fotoaa-4-e1607997851933.jpg\" alt=\"\" width=\"680\" height=\"466\" srcset=\"https:\/\/diarioregionaldigital.com.br\/wp-content\/uploads\/2020\/12\/fotoaa-4-e1607997851933.jpg 1710w, https:\/\/diarioregionaldigital.com.br\/wp-content\/uploads\/2020\/12\/fotoaa-4-e1607997851933-300x206.jpg 300w, https:\/\/diarioregionaldigital.com.br\/wp-content\/uploads\/2020\/12\/fotoaa-4-e1607997851933-1024x702.jpg 1024w, https:\/\/diarioregionaldigital.com.br\/wp-content\/uploads\/2020\/12\/fotoaa-4-e1607997851933-768x526.jpg 768w, https:\/\/diarioregionaldigital.com.br\/wp-content\/uploads\/2020\/12\/fotoaa-4-e1607997851933-1536x1053.jpg 1536w, https:\/\/diarioregionaldigital.com.br\/wp-content\/uploads\/2020\/12\/fotoaa-4-e1607997851933-360x247.jpg 360w, https:\/\/diarioregionaldigital.com.br\/wp-content\/uploads\/2020\/12\/fotoaa-4-e1607997851933-100x70.jpg 100w\" sizes=\"auto, (max-width: 680px) 100vw, 680px\" \/><p id=\"caption-attachment-174973\" class=\"wp-caption-text\">Na abertura da nova loja Veneno, no Mister Shopping 1\u00ba piso, Eduardo Gomes e a elegante Lucinha Silva<\/p><\/div>\n<div id=\"attachment_174976\" style=\"width: 690px\" class=\"wp-caption aligncenter\"><img loading=\"lazy\" decoding=\"async\" aria-describedby=\"caption-attachment-174976\" class=\"wp-image-174976\" src=\"https:\/\/diarioregionaldigital.com.br\/wp-content\/uploads\/2020\/12\/fotod-e1607997936278.jpeg\" alt=\"\" width=\"680\" height=\"478\" srcset=\"https:\/\/diarioregionaldigital.com.br\/wp-content\/uploads\/2020\/12\/fotod-e1607997936278.jpeg 1193w, https:\/\/diarioregionaldigital.com.br\/wp-content\/uploads\/2020\/12\/fotod-e1607997936278-300x210.jpeg 300w, https:\/\/diarioregionaldigital.com.br\/wp-content\/uploads\/2020\/12\/fotod-e1607997936278-1024x719.jpeg 1024w, https:\/\/diarioregionaldigital.com.br\/wp-content\/uploads\/2020\/12\/fotod-e1607997936278-768x539.jpeg 768w, https:\/\/diarioregionaldigital.com.br\/wp-content\/uploads\/2020\/12\/fotod-e1607997936278-360x253.jpeg 360w, https:\/\/diarioregionaldigital.com.br\/wp-content\/uploads\/2020\/12\/fotod-e1607997936278-100x70.jpeg 100w\" sizes=\"auto, (max-width: 680px) 100vw, 680px\" \/><p id=\"caption-attachment-174976\" class=\"wp-caption-text\">Em ritmo de festa s natalinas, o casal Paix\u00e3o Motos: Randolfo Antunes Teixeira e Aline Cristina Cardoso<\/p><\/div>\n<div id=\"attachment_174977\" style=\"width: 690px\" class=\"wp-caption aligncenter\"><img loading=\"lazy\" decoding=\"async\" aria-describedby=\"caption-attachment-174977\" class=\"wp-image-174977\" src=\"https:\/\/diarioregionaldigital.com.br\/wp-content\/uploads\/2020\/12\/fotoe-9-e1607997965813.jpg\" alt=\"\" width=\"680\" height=\"506\" srcset=\"https:\/\/diarioregionaldigital.com.br\/wp-content\/uploads\/2020\/12\/fotoe-9-e1607997965813.jpg 1426w, https:\/\/diarioregionaldigital.com.br\/wp-content\/uploads\/2020\/12\/fotoe-9-e1607997965813-300x223.jpg 300w, https:\/\/diarioregionaldigital.com.br\/wp-content\/uploads\/2020\/12\/fotoe-9-e1607997965813-1024x763.jpg 1024w, https:\/\/diarioregionaldigital.com.br\/wp-content\/uploads\/2020\/12\/fotoe-9-e1607997965813-768x572.jpg 768w, https:\/\/diarioregionaldigital.com.br\/wp-content\/uploads\/2020\/12\/fotoe-9-e1607997965813-360x268.jpg 360w\" sizes=\"auto, (max-width: 680px) 100vw, 680px\" \/><p id=\"caption-attachment-174977\" class=\"wp-caption-text\">O feliz natal de Guilherme Guizelli e Sydnei Castro<\/p><\/div>\n<div id=\"attachment_174978\" style=\"width: 690px\" class=\"wp-caption aligncenter\"><img loading=\"lazy\" decoding=\"async\" aria-describedby=\"caption-attachment-174978\" class=\"wp-image-174978\" src=\"https:\/\/diarioregionaldigital.com.br\/wp-content\/uploads\/2020\/12\/fotof-7-e1607998013284.jpg\" alt=\"\" width=\"680\" height=\"464\" srcset=\"https:\/\/diarioregionaldigital.com.br\/wp-content\/uploads\/2020\/12\/fotof-7-e1607998013284.jpg 902w, https:\/\/diarioregionaldigital.com.br\/wp-content\/uploads\/2020\/12\/fotof-7-e1607998013284-300x205.jpg 300w, https:\/\/diarioregionaldigital.com.br\/wp-content\/uploads\/2020\/12\/fotof-7-e1607998013284-768x524.jpg 768w, https:\/\/diarioregionaldigital.com.br\/wp-content\/uploads\/2020\/12\/fotof-7-e1607998013284-360x246.jpg 360w\" sizes=\"auto, (max-width: 680px) 100vw, 680px\" \/><p id=\"caption-attachment-174978\" class=\"wp-caption-text\">Na inaugura\u00e7\u00e3o do Tawa Beach B\u00fazios os empreendedores Yuri Girardi e Oct\u00e1vio Fagundes<\/p><\/div>\n<div id=\"attachment_174980\" style=\"width: 690px\" class=\"wp-caption aligncenter\"><img loading=\"lazy\" decoding=\"async\" aria-describedby=\"caption-attachment-174980\" class=\"wp-image-174980\" src=\"https:\/\/diarioregionaldigital.com.br\/wp-content\/uploads\/2020\/12\/fotoi.jpeg\" alt=\"\" width=\"680\" height=\"454\" srcset=\"https:\/\/diarioregionaldigital.com.br\/wp-content\/uploads\/2020\/12\/fotoi.jpeg 1024w, https:\/\/diarioregionaldigital.com.br\/wp-content\/uploads\/2020\/12\/fotoi-300x200.jpeg 300w, https:\/\/diarioregionaldigital.com.br\/wp-content\/uploads\/2020\/12\/fotoi-768x512.jpeg 768w, https:\/\/diarioregionaldigital.com.br\/wp-content\/uploads\/2020\/12\/fotoi-360x240.jpeg 360w\" sizes=\"auto, (max-width: 680px) 100vw, 680px\" \/><p id=\"caption-attachment-174980\" class=\"wp-caption-text\">O Natal florido da Design de unhas e fibra de vidro, Karin Navarro do \u201cSal\u00e3o Carlos Badico\u201d<\/p><\/div>\n<div id=\"attachment_174979\" style=\"width: 690px\" class=\"wp-caption aligncenter\"><img loading=\"lazy\" decoding=\"async\" aria-describedby=\"caption-attachment-174979\" class=\"wp-image-174979\" src=\"https:\/\/diarioregionaldigital.com.br\/wp-content\/uploads\/2020\/12\/fotoh-7.jpg\" alt=\"\" width=\"680\" height=\"454\" srcset=\"https:\/\/diarioregionaldigital.com.br\/wp-content\/uploads\/2020\/12\/fotoh-7.jpg 1280w, https:\/\/diarioregionaldigital.com.br\/wp-content\/uploads\/2020\/12\/fotoh-7-300x200.jpg 300w, https:\/\/diarioregionaldigital.com.br\/wp-content\/uploads\/2020\/12\/fotoh-7-1024x683.jpg 1024w, https:\/\/diarioregionaldigital.com.br\/wp-content\/uploads\/2020\/12\/fotoh-7-768x512.jpg 768w, https:\/\/diarioregionaldigital.com.br\/wp-content\/uploads\/2020\/12\/fotoh-7-360x240.jpg 360w\" sizes=\"auto, (max-width: 680px) 100vw, 680px\" \/><p id=\"caption-attachment-174979\" class=\"wp-caption-text\">O Feliz Natal dos queridos: Eveline Toledo, Jos\u00e9 Modesto, M\u00f4nica Zaiden, Igor de Oliveira Patroc\u00ednio e Monique Abreu<\/p><\/div>\n<p style=\"text-align: center;\"><strong>FOTOSS\u00cdNTESE<\/strong><\/p>\n<p>A doceira Erika Stephan e Silva comemorou idade nova com lindo e delicioso bolo preparado por ela mesmo.<\/p>\n<p>Aline Padilha e a chef Mariana Lopes est\u00e3o pilotando o restaurante Milos, com gastronomia contempor\u00e2nea. O d\u00e9cor \u00e9 inspirado nas Ilhas gregas. Fica no Alto dos Passos. Virou reduto dos elegantes da cidade.<\/p>\n<p>Com o final do ano chegando duas grandes redes de supermercados v\u00e3o ampliar sua presen\u00e7a em Juiz de Fora. S\u00e3o elas: MartMinas e Supermercados BH, que vai ocupar o espa\u00e7o do Capitolio.<\/p>\n<p>Est\u00e1 bel\u00edssima a exposi\u00e7\u00e3o \u201cPres\u00e9pios\u201d no Museu de Cultura do Forum da Cultura da UFJF em forma virtual. Com bel\u00edssima decora\u00e7\u00e3o de Natal assim o espa\u00e7o comemora a data.<\/p>\n<p>Dona cegonha aprontou de novo. Colocou na chamin\u00e9 de M\u00f4nica Pancoti e do delegado de PC, Rafael Gomes, a linda estrelinha Maria.<\/p>\n<p>B\u00fazios e cen\u00e1rio na Praia da Ferradura com lan\u00e7amento do Tawa Beach Club, novo empreendimento do incans\u00e1vel Oct\u00e1vio Luis Fagundes.<br \/>\nNem tudo est\u00e1 perdido. Foi na Fiemg Regional que a presidente da Ascomcer Alessandra Sampaio recebeu mais de mil aventais, cinco mil pares de luvas e 137 m\u00e1scaras da Associa\u00e7\u00e3o dos Funcion\u00e1rios Fiscais de Minas.<\/p>\n<p>A cacha\u00e7a \u201cDom Br\u00e9\u201d, produzido em Guarani por Geraldo Magela Neves, ganhou nas tr\u00eas categorias que disputou na premia\u00e7\u00e3o do 9\u00aa Concurso Nacional.<\/p>\n<p>Oi gente: Algu\u00e9m tem que ouvir o cora\u00e7\u00e3o. Acho que todos professores, pedreiros, manicures, cabelereiros, personal enfermeiros, comiss\u00e1rios de bordo, garis, m\u00e9dicos, colunistas faxineiros \u2013 tamb\u00e9m querem fazer diferen\u00e7a na vida dos outros. Bom dia.<\/p>\n<p><img loading=\"lazy\" decoding=\"async\" class=\"aligncenter size-full wp-image-175006\" src=\"https:\/\/diarioregionaldigital.com.br\/wp-content\/uploads\/2020\/12\/anuncio12-scaled.jpg\" alt=\"\" width=\"2560\" height=\"946\" srcset=\"https:\/\/diarioregionaldigital.com.br\/wp-content\/uploads\/2020\/12\/anuncio12-scaled.jpg 2560w, https:\/\/diarioregionaldigital.com.br\/wp-content\/uploads\/2020\/12\/anuncio12-300x111.jpg 300w, https:\/\/diarioregionaldigital.com.br\/wp-content\/uploads\/2020\/12\/anuncio12-1024x378.jpg 1024w, https:\/\/diarioregionaldigital.com.br\/wp-content\/uploads\/2020\/12\/anuncio12-768x284.jpg 768w, https:\/\/diarioregionaldigital.com.br\/wp-content\/uploads\/2020\/12\/anuncio12-1536x568.jpg 1536w, https:\/\/diarioregionaldigital.com.br\/wp-content\/uploads\/2020\/12\/anuncio12-2048x757.jpg 2048w, https:\/\/diarioregionaldigital.com.br\/wp-content\/uploads\/2020\/12\/anuncio12-360x133.jpg 360w\" sizes=\"auto, (max-width: 2560px) 100vw, 2560px\" \/><\/p>\n","protected":false},"excerpt":{"rendered":"<p>Solidariedade Tradicional templo de caridade de Juiz de Fora, o Instituto Padre Jo\u00e3o Em\u00edlio, que atende 135 crian\u00e7as em situa\u00e7\u00e3o de vulnerabilidade social, est\u00e1 arrecadando at\u00e9 hoje (15), alimentos, panetones e caixas de bombons para fazer a alegria dos pequenos e das fam\u00edlias carentes. Batendo a Martelo Apesar de 2020 ter sido uma ano muito [&hellip;]<\/p>\n","protected":false},"author":96,"featured_media":174972,"comment_status":"closed","ping_status":"closed","sticky":false,"template":"","format":"standard","meta":{"footnotes":""},"categories":[264],"tags":[],"class_list":["post-175007","post","type-post","status-publish","format-standard","has-post-thumbnail","hentry","category-eduardo-gomes"],"_links":{"self":[{"href":"https:\/\/diarioregionaldigital.com.br\/index.php?rest_route=\/wp\/v2\/posts\/175007","targetHints":{"allow":["GET"]}}],"collection":[{"href":"https:\/\/diarioregionaldigital.com.br\/index.php?rest_route=\/wp\/v2\/posts"}],"about":[{"href":"https:\/\/diarioregionaldigital.com.br\/index.php?rest_route=\/wp\/v2\/types\/post"}],"author":[{"embeddable":true,"href":"https:\/\/diarioregionaldigital.com.br\/index.php?rest_route=\/wp\/v2\/users\/96"}],"replies":[{"embeddable":true,"href":"https:\/\/diarioregionaldigital.com.br\/index.php?rest_route=%2Fwp%2Fv2%2Fcomments&post=175007"}],"version-history":[{"count":0,"href":"https:\/\/diarioregionaldigital.com.br\/index.php?rest_route=\/wp\/v2\/posts\/175007\/revisions"}],"wp:featuredmedia":[{"embeddable":true,"href":"https:\/\/diarioregionaldigital.com.br\/index.php?rest_route=\/wp\/v2\/media\/174972"}],"wp:attachment":[{"href":"https:\/\/diarioregionaldigital.com.br\/index.php?rest_route=%2Fwp%2Fv2%2Fmedia&parent=175007"}],"wp:term":[{"taxonomy":"category","embeddable":true,"href":"https:\/\/diarioregionaldigital.com.br\/index.php?rest_route=%2Fwp%2Fv2%2Fcategories&post=175007"},{"taxonomy":"post_tag","embeddable":true,"href":"https:\/\/diarioregionaldigital.com.br\/index.php?rest_route=%2Fwp%2Fv2%2Ftags&post=175007"}],"curies":[{"name":"wp","href":"https:\/\/api.w.org\/{rel}","templated":true}]}}