{"id":175004,"date":"2020-12-14T20:50:00","date_gmt":"2020-12-14T23:50:00","guid":{"rendered":"https:\/\/diarioregionaldigital.com.br\/?p=175004"},"modified":"2020-12-14T20:50:00","modified_gmt":"2020-12-14T23:50:00","slug":"minas-gerais-tem-469-003-casos-e-10-711-mortes-por-covid-19","status":"publish","type":"post","link":"https:\/\/diarioregionaldigital.com.br\/?p=175004","title":{"rendered":"Minas Gerais tem 469.003 casos e 10.711 mortes por Covid-19"},"content":{"rendered":"<p>O novo\u00a0<a href=\"https:\/\/saude.mg.gov.br\/images\/1_noticias\/10_2020\/2_out-nov-dez\/14-12_Boletim_Epidemiologico_COVID-19.pdf\">boletim epidemiol\u00f3gico<\/a> publicado nesta segunda-feira (14), pela Secretaria de Estado da Sa\u00fade de Minas Gerais (SES-MG), informa que nas \u00faltimas 24h, o estado registrou 980 novos casos de Coronav\u00edrus, totalizando 469.003 pessoas infectadas. Conforme o levantamento, foram notificadas mais 10 mortes, totalizando 10.711 \u00f3bitos.<\/p>\n<p>Al\u00e9m disso, 423.918 pacientes est\u00e3o recuperados da doen\u00e7a, representando 90,38% dos casos. Quanto aos dados de hospitaliza\u00e7\u00e3o, 42.739 est\u00e3o internados e 426.264 est\u00e3o em isolamento domiciliar.<\/p>\n","protected":false},"excerpt":{"rendered":"<p>O novo\u00a0boletim epidemiol\u00f3gico publicado nesta segunda-feira (14), pela Secretaria de Estado da Sa\u00fade de Minas Gerais (SES-MG), informa que nas \u00faltimas 24h, o estado registrou 980 novos casos de Coronav\u00edrus, totalizando 469.003 pessoas infectadas. Conforme o levantamento, foram notificadas mais 10 mortes, totalizando 10.711 \u00f3bitos. Al\u00e9m disso, 423.918 pacientes est\u00e3o recuperados da doen\u00e7a, representando 90,38% [&hellip;]<\/p>\n","protected":false},"author":96,"featured_media":165533,"comment_status":"closed","ping_status":"closed","sticky":false,"template":"","format":"standard","meta":{"footnotes":""},"categories":[436,252,439],"tags":[],"class_list":["post-175004","post","type-post","status-publish","format-standard","has-post-thumbnail","hentry","category-destaque-da-semana","category-regiao","category-ultima-hora"],"_links":{"self":[{"href":"https:\/\/diarioregionaldigital.com.br\/index.php?rest_route=\/wp\/v2\/posts\/175004","targetHints":{"allow":["GET"]}}],"collection":[{"href":"https:\/\/diarioregionaldigital.com.br\/index.php?rest_route=\/wp\/v2\/posts"}],"about":[{"href":"https:\/\/diarioregionaldigital.com.br\/index.php?rest_route=\/wp\/v2\/types\/post"}],"author":[{"embeddable":true,"href":"https:\/\/diarioregionaldigital.com.br\/index.php?rest_route=\/wp\/v2\/users\/96"}],"replies":[{"embeddable":true,"href":"https:\/\/diarioregionaldigital.com.br\/index.php?rest_route=%2Fwp%2Fv2%2Fcomments&post=175004"}],"version-history":[{"count":0,"href":"https:\/\/diarioregionaldigital.com.br\/index.php?rest_route=\/wp\/v2\/posts\/175004\/revisions"}],"wp:featuredmedia":[{"embeddable":true,"href":"https:\/\/diarioregionaldigital.com.br\/index.php?rest_route=\/wp\/v2\/media\/165533"}],"wp:attachment":[{"href":"https:\/\/diarioregionaldigital.com.br\/index.php?rest_route=%2Fwp%2Fv2%2Fmedia&parent=175004"}],"wp:term":[{"taxonomy":"category","embeddable":true,"href":"https:\/\/diarioregionaldigital.com.br\/index.php?rest_route=%2Fwp%2Fv2%2Fcategories&post=175004"},{"taxonomy":"post_tag","embeddable":true,"href":"https:\/\/diarioregionaldigital.com.br\/index.php?rest_route=%2Fwp%2Fv2%2Ftags&post=175004"}],"curies":[{"name":"wp","href":"https:\/\/api.w.org\/{rel}","templated":true}]}}